{"id":1291,"date":"2023-04-24T11:27:37","date_gmt":"2023-04-24T11:27:37","guid":{"rendered":"https:\/\/raicesandaluzas.com\/revista\/?p=1291"},"modified":"2025-06-19T09:59:07","modified_gmt":"2025-06-19T09:59:07","slug":"el-reto-de-las-entidades-es-hacer-crecer-la-cultura-andaluza-en-cataluna","status":"publish","type":"post","link":"https:\/\/raicesandaluzas.com\/revista\/2023\/04\/24\/el-reto-de-las-entidades-es-hacer-crecer-la-cultura-andaluza-en-cataluna\/","title":{"rendered":"\u201cEl reto de las entidades es hacer crecer la cultura andaluza en Catalu\u00f1a\u201d"},"content":{"rendered":"\n<p><strong><span style=\"background-color:#b5dcaf\" class=\"td_text_highlight_marker\">RA\u00cdCES ANDALUZAS. \u00bfQui\u00e9n es Esperanza Garc\u00eda?<\/span><\/strong><\/p>\n\n\n\n<p><strong><span style=\"background-color:#b5dcaf\" class=\"td_text_highlight_marker\">ESPERANZA GARC\u00cdA.<\/span> <\/strong>Pues es una ciudadana de Barcelona que ha tenido el privilegio de ser escogida la delegada de la Junta de Andaluc\u00eda en Catalu\u00f1a. Que comienza ahora su andadura y que ofrece lo que a veces ha faltado en la comunidad, que es acompa\u00f1amiento, escucha y apoyo a todas las comunidades andaluzas en Catalu\u00f1a.&nbsp;&nbsp;<\/p>\n\n\n\n<p><strong><span style=\"background-color:#b5dcaf\" class=\"td_text_highlight_marker\">R.A. \u00bfCu\u00e1l ha sido su trayectoria pol\u00edtica previa?&nbsp;<\/span><\/strong><\/p>\n\n\n\n<p><strong><span style=\"background-color:#b5dcaf\" class=\"td_text_highlight_marker\">E.G. <\/span><\/strong>He sido diputada por el Partido Popular en el Parlament de Catalunya, y he formado parte del gobierno municipal de Xavier Garc\u00eda Albiol en Badalona. Adem\u00e1s he ejercido la abogac\u00eda durante casi 17 a\u00f1os.&nbsp; <\/p>\n\n\n\n<p><strong><span style=\"background-color:#b5dcaf\" class=\"td_text_highlight_marker\">R.A. Antes comentaba que trabajar\u00e1 para enmendar lo que ha faltado con respecto a las comunidades andaluzas en Catalu\u00f1a.<\/span><\/strong><\/p>\n\n\n\n<p><strong> <span style=\"background-color:#b5dcaf\" class=\"td_text_highlight_marker\">E.G. <\/span><\/strong>Bueno, no se trata de hacer una enmienda a la totalidad. Yo estoy aqu\u00ed como miembro del gobierno andaluz para dar apoyo, soporte, cari\u00f1o, colaboraci\u00f3n, comprensi\u00f3n a las comunidades andaluzas. Digo que ha faltado en alg\u00fan momento porque no hab\u00eda esa delegaci\u00f3n abierta. La interlocuci\u00f3n es m\u00e1s dif\u00edcil a distancia que in situ. La diferencia es que ahora las entidades tendr\u00e1n una puerta, un tel\u00e9fono donde llamar bien cerca de su casa. Eso mejora ostensiblemente cualquier tipo de acompa\u00f1amiento que se pueda hacer.<\/p>\n\n\n\n<p><strong><span style=\"background-color:#b5dcaf\" class=\"td_text_highlight_marker\">R.A. \u00bfHabr\u00e1 una sede f\u00edsica de la delegaci\u00f3n?&nbsp;<\/span><\/strong><\/p>\n\n\n\n<p><strong><span style=\"background-color:#b5dcaf\" class=\"td_text_highlight_marker\">E.G. <\/span><\/strong>S\u00ed, tenemos una oficina de la Junta de Andaluc\u00eda en Catalu\u00f1a que est\u00e1 situada en el Passeig de Gr\u00e0cia n\u00famero 21, que estar\u00e1 abierta a todo aquel que lo necesite. La voluntad es que puedan sentir su gobierno cerca, Andaluc\u00eda m\u00e1s cerca, y acompa\u00f1arles en todo este trayecto. Que no es poco. Cuando vemos que la Feria de Abril y el Roc\u00edo llegan a 50 ediciones, eso requiere no solo de voluntariado sino de ayuda, de soporte y de acompa\u00f1amiento.<\/p>\n\n\n\n<p><strong><span style=\"background-color:#b5dcaf\" class=\"td_text_highlight_marker\">R.A. Ya se ha reunido con algunas entidades y federaciones \u00bfQu\u00e9 le han comentado?&nbsp;<\/span><\/strong><\/p>\n\n\n\n<p><strong><span style=\"background-color:#b5dcaf\" class=\"td_text_highlight_marker\">E.G.<\/span> <\/strong>Llevamos muy poco tiempo. He tenido contactos pero por ahora informales. Eso s\u00ed, me han comentado temas que les preocupan como la gesti\u00f3n de las ayudas y subvenciones. Vamos a ir trabajando mano a mano. Se va a profundizar en eso y en otros temas para conseguir que las entidades puedan afrontar nuevos retos que no es solo mantenerse, sino hacer crecer la cultura andaluza en Catalu\u00f1a. Esa es la voluntad, fortalecer y hacer crecer este movimiento de sociedad plural, diversa y rica de la cultura andaluza en Catalu\u00f1a.&nbsp;<\/p>\n\n\n\n<p><strong><span style=\"background-color:#b5dcaf\" class=\"td_text_highlight_marker\">R.A. \u00bfEs asidua de la Feria de Abril de Catalunya?&nbsp;<\/span><\/strong><\/p>\n\n\n\n<p><strong><span style=\"background-color:#b5dcaf\" class=\"td_text_highlight_marker\">E.G.<\/span> <\/strong>No he ido todos los a\u00f1os, pero s\u00ed muchos. Recuerdo que la primera vez que me llevaron mis padres fue en Barber\u00e0 del Vall\u00e9s cuando era muy peque\u00f1a.<\/p>\n\n\n\n<p><strong><span style=\"background-color:#b5dcaf\" class=\"td_text_highlight_marker\">R.A. \u00bfQu\u00e9 es lo que m\u00e1s le gusta?&nbsp; <\/span><\/strong><\/p>\n\n\n\n<p><strong><span style=\"background-color:#b5dcaf\" class=\"td_text_highlight_marker\">E.G.<\/span> <\/strong>Un poco la mezcla de todo. La m\u00fasica, la gastronom\u00eda, la cultura, esa manera de compartir momentos de la vida tan t\u00edpica andaluza. Personas de diferentes or\u00edgenes, de diversas condiciones, todas se sientan alrededor de una mesa y disfrutan con la alegr\u00eda de la vida. He disfrutado mucho en la Feria de Abril.<\/p>\n","protected":false},"excerpt":{"rendered":"<p>RA\u00cdCES ANDALUZAS. \u00bfQui\u00e9n es Esperanza Garc\u00eda? ESPERANZA GARC\u00cdA. Pues es una ciudadana de Barcelona que ha tenido el privilegio de ser escogida la delegada de la Junta de Andaluc\u00eda en Catalu\u00f1a. Que comienza ahora su andadura y que ofrece lo que a veces ha faltado en la comunidad, que es acompa\u00f1amiento, escucha y apoyo a [&hellip;]<\/p>\n","protected":false},"author":1,"featured_media":1292,"comment_status":"open","ping_status":"open","sticky":false,"template":"","format":"standard","meta":{"footnotes":""},"categories":[19,20],"tags":[],"class_list":{"0":"post-1291","1":"post","2":"type-post","3":"status-publish","4":"format-standard","5":"has-post-thumbnail","7":"category-actualidad","8":"category-entrevistas"},"_links":{"self":[{"href":"https:\/\/raicesandaluzas.com\/revista\/wp-json\/wp\/v2\/posts\/1291","targetHints":{"allow":["GET"]}}],"collection":[{"href":"https:\/\/raicesandaluzas.com\/revista\/wp-json\/wp\/v2\/posts"}],"about":[{"href":"https:\/\/raicesandaluzas.com\/revista\/wp-json\/wp\/v2\/types\/post"}],"author":[{"embeddable":true,"href":"https:\/\/raicesandaluzas.com\/revista\/wp-json\/wp\/v2\/users\/1"}],"replies":[{"embeddable":true,"href":"https:\/\/raicesandaluzas.com\/revista\/wp-json\/wp\/v2\/comments?post=1291"}],"version-history":[{"count":2,"href":"https:\/\/raicesandaluzas.com\/revista\/wp-json\/wp\/v2\/posts\/1291\/revisions"}],"predecessor-version":[{"id":1294,"href":"https:\/\/raicesandaluzas.com\/revista\/wp-json\/wp\/v2\/posts\/1291\/revisions\/1294"}],"wp:featuredmedia":[{"embeddable":true,"href":"https:\/\/raicesandaluzas.com\/revista\/wp-json\/wp\/v2\/media\/1292"}],"wp:attachment":[{"href":"https:\/\/raicesandaluzas.com\/revista\/wp-json\/wp\/v2\/media?parent=1291"}],"wp:term":[{"taxonomy":"category","embeddable":true,"href":"https:\/\/raicesandaluzas.com\/revista\/wp-json\/wp\/v2\/categories?post=1291"},{"taxonomy":"post_tag","embeddable":true,"href":"https:\/\/raicesandaluzas.com\/revista\/wp-json\/wp\/v2\/tags?post=1291"}],"curies":[{"name":"wp","href":"https:\/\/api.w.org\/{rel}","templated":true}]}}