{"id":1272,"date":"2023-04-24T16:15:00","date_gmt":"2023-04-24T16:15:00","guid":{"rendered":"https:\/\/raicesandaluzas.com\/revista\/?p=1272"},"modified":"2023-04-20T15:22:37","modified_gmt":"2023-04-20T15:22:37","slug":"estoy-segura-que-hay-feria-de-abril-para-rato","status":"publish","type":"post","link":"https:\/\/raicesandaluzas.com\/revista\/2023\/04\/24\/estoy-segura-que-hay-feria-de-abril-para-rato\/","title":{"rendered":"\u201cEstoy segura que hay Feria de Abril para rato\u201d"},"content":{"rendered":"\n<p><span style=\"background-color:#b5dcaf\" class=\"td_text_highlight_marker\">RA\u00cdCES ANDALUZAS. La Feria de Abril de Catalunya celebra en este 2023 su 50\u00aa edici\u00f3n. \u00bfC\u00f3mo valora esta efem\u00e9ride tan especial?<\/span><\/p>\n\n\n\n<p><strong><span style=\"background-color:#b5dcaf\" class=\"td_text_highlight_marker\">N\u00daRIA MAR\u00cdN.<\/span> <\/strong>Es una gran satisfacci\u00f3n ver que una cita tan importante como esta llega a su edici\u00f3n n\u00famero 50, todo un hito. Esto demuestra la fuerza de su propuesta y el compromiso e implicaci\u00f3n de todas las personas que cada a\u00f1o consiguen hacerla realidad.<\/p>\n\n\n\n<p>Han sido 50 a\u00f1os de crecimiento y de consolidaci\u00f3n de una feria singular, con car\u00e1cter propio, que hoy visitan miles de personas y que se ha convertido en un acontecimiento de referencia con una amplia repercusi\u00f3n.<\/p>\n\n\n\n<p>Es una cita indispensable para quienes quieren disfrutar de la cultura andaluza en un ambiente festivo. Para las entidades andaluzas en Catalunya es, sin duda, una oportunidad \u00fanica para compartir su trabajo con otras entidades y darla a conocer a la ciudadan\u00eda en general.<\/p>\n\n\n\n<p>Desde el punto de vista personal, yo me siento siempre como en casa. Disfruto paseando por la Feria de Abril, entrando en las casetas, saludando a todos los amigos y amigas de las entidades, viendo actuaciones y compartiendo la alegr\u00eda que se respira en cada esquina.<strong><\/strong><\/p>\n\n\n\n<p><strong><span style=\"background-color:#b5dcaf\" class=\"td_text_highlight_marker\">R.A. La Feria ha pasado por momentos complicados a lo largo de este medio siglo, pero ha sabido salir adelante. \u00bfConsidera que es un puro ejemplo de resiliencia?<\/span><\/strong><\/p>\n\n\n\n<p><strong><span style=\"background-color:#b5dcaf\" class=\"td_text_highlight_marker\">N.M.<\/span> <\/strong>Las complicaciones o los problemas siempre pueden surgir. Ser\u00eda realmente extra\u00f1o que en 50 ediciones no hubiese habido alg\u00fan momento dif\u00edcil. Superar estas situaciones ha hecho que la Feria sea hoy m\u00e1s fuerte. Han servido, sin duda, para que, a\u00f1o tras a\u00f1o, haya ido trazando su propio camino.<\/p>\n\n\n\n<p>A lo largo de este tiempo tambi\u00e9n ha ido adapt\u00e1ndose a cada momento y eso ha sido fundamental para su permanencia. La sociedad catalana no es hoy igual que hace 50 a\u00f1os, ha cambiado en muchos aspectos a nivel social, pol\u00edtico, econ\u00f3mico, demogr\u00e1fico&#8230; Por otra parte, las entidades andaluzas en Catalunya fueron fundadas por inmigrantes que hac\u00eda relativamente poco que hab\u00edan llegado y hoy son las generaciones posteriores, sus hijos e hijas ya nacidos aqu\u00ed, las que est\u00e1n al frente de ellas.<\/p>\n\n\n\n<p>La Feria ha sabido capear cada momento y llegar hasta hoy como un acontecimiento abierto y un espacio de convivencia. Eso ha sido lo realmente importante.<strong><\/strong><\/p>\n\n\n\n<p><strong><span style=\"background-color:#b5dcaf\" class=\"td_text_highlight_marker\">R.A. \u00bfQu\u00e9 les dir\u00eda a todas las personas que han trabajado en el pasado y a las que siguen haci\u00e9ndolo en el presente para que la Feria est\u00e9 en el lugar que est\u00e1 hoy en d\u00eda?<\/span><\/strong><\/p>\n\n\n\n<p><strong><span style=\"background-color:#b5dcaf\" class=\"td_text_highlight_marker\">N.M<\/span>. <\/strong>Hay que decir que los inicios de cualquier actividad siempre son dif\u00edciles. La Feria arranc\u00f3 con la voluntad de inmigrantes andaluces que viv\u00edan en el entorno metropolitano de trasladar aqu\u00ed las celebraciones de su cultura. Expresaban as\u00ed un compromiso con su tradici\u00f3n y con su tierra de origen, pero tambi\u00e9n con Catalunya, su tierra de acogida a la que tambi\u00e9n quieren y donde adem\u00e1s han ido naciendo sus hijos y sus nietos. Y estos \u00faltimos son quienes se han comprometido a mantener este legado y siguen adelante tanto con la Feria como con las otras muchas actividades que realizan a lo largo del a\u00f1o en toda Catalunya.<\/p>\n\n\n\n<p><strong><span style=\"background-color:#b5dcaf\" class=\"td_text_highlight_marker\">R.A. El evento fue creado por los inmigrantes andaluces como una manera de sentirse cerca de su tierra, pero ha evolucionado hacia un acontecimiento global. \u00bfQu\u00e9 piensa que aporta a la sociedad catalana en general?<\/span><\/strong><\/p>\n\n\n\n<p><strong><span style=\"background-color:#b5dcaf\" class=\"td_text_highlight_marker\">N.M.<\/span> <\/strong>La Feria de Abril en Catalunya es un evento catal\u00e1n, sin duda. Es un reflejo de la historia reciente de Catalunya, de la llegada de inmigraci\u00f3n, sobre todo en el entorno de Barcelona, procedente de otras partes de Espa\u00f1a a partir de la segunda mitad del siglo pasado. La Feria es una muestra de la cultura de Andaluc\u00eda, una de las comunidades que m\u00e1s inmigraci\u00f3n aport\u00f3 en aquel momento, pero en la que tambi\u00e9n est\u00e1 presente el car\u00e1cter catal\u00e1n.<\/p>\n\n\n\n<p>Catalunya ha crecido gracias al esfuerzo y al trabajo de su gente y de personas llegadas de diferentes puntos de Espa\u00f1a que la eligieron para venir a trabajar y ofrecerle un futuro mejor a sus familias.<\/p>\n\n\n\n<p>Hemos de tener en cuenta que la inmigraci\u00f3n tiene un efecto de ida y vuelta. Cuando vuelven a su tierra de origen, los inmigrantes se convierten en embajadores de Catalunya, de su cultura y de sus costumbres. Es un proceso que enriquece y aporta a las dos culturas.<strong><\/strong><\/p>\n\n\n\n<div><a href=\"https:\/\/raicesandaluzas.com\/revista\/wp-content\/uploads\/2023\/04\/nuriamarin02_2023-1024x683.jpg\" class=\"td-modal-image\"><figure class=\"wp-block-image size-large\"><img loading=\"lazy\" decoding=\"async\" width=\"1024\" height=\"683\" src=\"https:\/\/raicesandaluzas.com\/revista\/wp-content\/uploads\/2023\/04\/nuriamarin02_2023-1024x683.jpg\" alt=\"\" class=\"wp-image-1273\" srcset=\"https:\/\/raicesandaluzas.com\/revista\/wp-content\/uploads\/2023\/04\/nuriamarin02_2023-1024x683.jpg 1024w, https:\/\/raicesandaluzas.com\/revista\/wp-content\/uploads\/2023\/04\/nuriamarin02_2023-300x200.jpg 300w, https:\/\/raicesandaluzas.com\/revista\/wp-content\/uploads\/2023\/04\/nuriamarin02_2023-768x512.jpg 768w, https:\/\/raicesandaluzas.com\/revista\/wp-content\/uploads\/2023\/04\/nuriamarin02_2023-696x464.jpg 696w, https:\/\/raicesandaluzas.com\/revista\/wp-content\/uploads\/2023\/04\/nuriamarin02_2023-1068x712.jpg 1068w, https:\/\/raicesandaluzas.com\/revista\/wp-content\/uploads\/2023\/04\/nuriamarin02_2023-630x420.jpg 630w, https:\/\/raicesandaluzas.com\/revista\/wp-content\/uploads\/2023\/04\/nuriamarin02_2023.jpg 1200w\" sizes=\"auto, (max-width: 1024px) 100vw, 1024px\" \/><\/figure><\/a><\/div>\n\n\n\n<p><strong><span style=\"background-color:#b5dcaf\" class=\"td_text_highlight_marker\">R.A. Esta es una de las ferias m\u00e1s grandes de toda Espa\u00f1a si tenemos en cuenta que la organiza una federaci\u00f3n de entidades y no una administraci\u00f3n. No en vano, el a\u00f1o pasado super\u00f3 el mill\u00f3n de visitas y en varias ocasiones tuvo que cerrarse el acceso al Real por haberse superado el aforo. \u00bfCree que se ha valorado como se merece la Feria de Abril a nivel institucional en Catalunya?<\/span><\/strong><\/p>\n\n\n\n<p><strong><span style=\"background-color:#b5dcaf\" class=\"td_text_highlight_marker\">N.M. <\/span><\/strong>Creo que la Feria de Abril ha contado siempre con el apoyo de las administraciones. Es todo un ejemplo de integraci\u00f3n cultural y de homenaje a la cultura andaluza que trasciende a lo pol\u00edtico.<\/p>\n\n\n\n<p>Para m\u00ed la Feria de abril es de por s\u00ed un acontecimiento relevante en la agenda cultural de Catalunya, pero adem\u00e1s tiene un papel m\u00e1s especial por la implicaci\u00f3n en ella de entidades de L\u2019Hospitalet. Tambi\u00e9n porque una parte importante de la poblaci\u00f3n de la ciudad tiene su origen en Andaluc\u00eda y se ven reflejados en ella.<strong><\/strong><\/p>\n\n\n\n<p><strong><span style=\"background-color:#b5dcaf\" class=\"td_text_highlight_marker\">R.A. La Feria es un lugar de diversi\u00f3n, pero los \u00faltimos a\u00f1os ha tenido un car\u00e1cter m\u00e1s social, con puntos Lila contra las agresiones sexuales e informaci\u00f3n para el colectivo LGTBI, o casetas solidarias como en la edici\u00f3n anterior con el pueblo ucraniano. \u00bfQu\u00e9 le parecen este tipo de iniciativas en el Real?<\/span><\/strong><\/p>\n\n\n\n<p><strong><span style=\"background-color:#b5dcaf\" class=\"td_text_highlight_marker\">N.M. <\/span><\/strong>Pues al hilo de lo que he comentado antes, creo que uno de los muchos m\u00e9ritos de la Feria es que ha ido evolucionando con la sociedad. Es un acontecimiento abierto y me parece estupendo que se vayan incorporando todos estos temas que hoy nos preocupan. Creo que es importante que mantenga esa mirada abierta. Estas iniciativas refuerzan su car\u00e1cter social e integrador. En el recinto de la Feria, en las casetas, la vida fluye y hay cuestiones que no se pueden quedar en la puerta.<\/p>\n\n\n\n<p><strong><span style=\"background-color:#b5dcaf\" class=\"td_text_highlight_marker\">R.A. L\u2019Hospitalet de Llobregat siempre ha estado muy presente en la Feria gracias a sus entidades y sus hermandades rocieras. \u00bfC\u00f3mo est\u00e1 de salud el movimiento asociativo cultural andaluz de la ciudad?<\/span><\/strong><\/p>\n\n\n\n<p><strong><span style=\"background-color:#b5dcaf\" class=\"td_text_highlight_marker\">N.M.<\/span> <\/strong>Yo creo que goza de muy buena salud. Mantiene una gran actividad a lo largo de todo el a\u00f1o y lo hace de una manera abierta a toda la ciudad.<\/p>\n\n\n\n<p>Sin el esfuerzo y el compromiso de todas las entidades andaluzas, L\u2019Hospitalet no ser\u00eda la ciudad que es hoy. Contamos con un rico tejido asociativo que difunde la cultura andaluza, pero tambi\u00e9n contribuye a cohesionar la ciudad. No se entender\u00eda L\u2019Hospitalet sin ellas.<\/p>\n\n\n\n<p>Adem\u00e1s de su trabajo diario, las entidades organizan eventos como las procesiones de Semana Santa, el Festival de Fandangos, el Festival de Guitarra Flamenca o el Memorial Antonio Mairena, citas que son referentes en Catalunya y que gozan de un gran reconocimiento y respeto. Adem\u00e1s, est\u00e1n presentes en otros eventos, como la Feria o el Roc\u00edo en Catalunya.<\/p>\n\n\n\n<p>Somos y hemos sido una ciudad de acogida de personas que han llegado primero de diferentes regiones y despu\u00e9s de diferentes pa\u00edses y continentes. Esta realidad hace que la ciudad tenga un car\u00e1cter propio y que siempre tengamos presente la importancia de la convivencia y la integraci\u00f3n. L\u2019Hospitalet no ser\u00eda hoy lo que es sin el esfuerzo y el compromiso de su gente y de sus entidades. <\/p>\n\n\n\n<p><strong><span style=\"background-color:#b5dcaf\" class=\"td_text_highlight_marker\">R.A. \u00bfLe augura un buen futuro a la Feria de Abril? \u00bfPodremos disfrutar de 50 ediciones m\u00e1s?<\/span><\/strong><\/p>\n\n\n\n<p><strong><span style=\"background-color:#b5dcaf\" class=\"td_text_highlight_marker\">N.M. <\/span><\/strong>Sin lugar a dudas. Con la vitalidad y la fuerza de las entidades y de todas las personas que est\u00e1n detr\u00e1s. A lo largo de los a\u00f1os he comprobado el empe\u00f1o y la generosidad de las personas que mueven la Feria. Estoy segura de que hay Feria para rato y que seguir\u00e1 evolucionando y adapt\u00e1ndose a cada momento manteniendo su singularidad.<\/p>\n\n\n\n<p><strong><span style=\"background-color:#b5dcaf\" class=\"td_text_highlight_marker\">R.A. Por \u00faltimo, un deseo para esta edici\u00f3n tan especial de la Feria de Abril catalana. <\/span><\/strong><\/p>\n\n\n\n<p><strong><span style=\"background-color:#b5dcaf\" class=\"td_text_highlight_marker\">N.M. <\/span><\/strong>Mi deseo es que tenga el mismo \u00e9xito de siempre, que siga siendo un reflejo de la diversidad y la tolerancia de la sociedad catalana y que los visitantes puedan disfrutar de la cultura andaluza en un clima de alegr\u00eda y de convivencia.&nbsp;&nbsp;<\/p>\n\n\n\n<p>Y, perdonad, pero yo tengo que barrer para casa. Quiero invitar a todas las personas que se acerquen a la Feria de Abril en Catalunya a que visiten las casetas de las entidades de L\u2019Hospitalet para conocer su arte, su alegr\u00eda y su car\u00e1cter abierto. No os lo perd\u00e1is.<\/p>\n","protected":false},"excerpt":{"rendered":"<p>RA\u00cdCES ANDALUZAS. La Feria de Abril de Catalunya celebra en este 2023 su 50\u00aa edici\u00f3n. \u00bfC\u00f3mo valora esta efem\u00e9ride tan especial? N\u00daRIA MAR\u00cdN. Es una gran satisfacci\u00f3n ver que una cita tan importante como esta llega a su edici\u00f3n n\u00famero 50, todo un hito. Esto demuestra la fuerza de su propuesta y el compromiso e [&hellip;]<\/p>\n","protected":false},"author":1,"featured_media":1274,"comment_status":"open","ping_status":"open","sticky":false,"template":"","format":"standard","meta":{"footnotes":""},"categories":[19,20],"tags":[],"class_list":{"0":"post-1272","1":"post","2":"type-post","3":"status-publish","4":"format-standard","5":"has-post-thumbnail","7":"category-actualidad","8":"category-entrevistas"},"_links":{"self":[{"href":"https:\/\/raicesandaluzas.com\/revista\/wp-json\/wp\/v2\/posts\/1272","targetHints":{"allow":["GET"]}}],"collection":[{"href":"https:\/\/raicesandaluzas.com\/revista\/wp-json\/wp\/v2\/posts"}],"about":[{"href":"https:\/\/raicesandaluzas.com\/revista\/wp-json\/wp\/v2\/types\/post"}],"author":[{"embeddable":true,"href":"https:\/\/raicesandaluzas.com\/revista\/wp-json\/wp\/v2\/users\/1"}],"replies":[{"embeddable":true,"href":"https:\/\/raicesandaluzas.com\/revista\/wp-json\/wp\/v2\/comments?post=1272"}],"version-history":[{"count":3,"href":"https:\/\/raicesandaluzas.com\/revista\/wp-json\/wp\/v2\/posts\/1272\/revisions"}],"predecessor-version":[{"id":1277,"href":"https:\/\/raicesandaluzas.com\/revista\/wp-json\/wp\/v2\/posts\/1272\/revisions\/1277"}],"wp:featuredmedia":[{"embeddable":true,"href":"https:\/\/raicesandaluzas.com\/revista\/wp-json\/wp\/v2\/media\/1274"}],"wp:attachment":[{"href":"https:\/\/raicesandaluzas.com\/revista\/wp-json\/wp\/v2\/media?parent=1272"}],"wp:term":[{"taxonomy":"category","embeddable":true,"href":"https:\/\/raicesandaluzas.com\/revista\/wp-json\/wp\/v2\/categories?post=1272"},{"taxonomy":"post_tag","embeddable":true,"href":"https:\/\/raicesandaluzas.com\/revista\/wp-json\/wp\/v2\/tags?post=1272"}],"curies":[{"name":"wp","href":"https:\/\/api.w.org\/{rel}","templated":true}]}}