{"id":1269,"date":"2023-04-24T15:06:44","date_gmt":"2023-04-24T15:06:44","guid":{"rendered":"https:\/\/raicesandaluzas.com\/revista\/?p=1269"},"modified":"2023-04-20T15:11:38","modified_gmt":"2023-04-20T15:11:38","slug":"la-feria-de-abril-aporta-riqueza-cultural-hermandad-y-es-un-motor-economico","status":"publish","type":"post","link":"https:\/\/raicesandaluzas.com\/revista\/2023\/04\/24\/la-feria-de-abril-aporta-riqueza-cultural-hermandad-y-es-un-motor-economico\/","title":{"rendered":"\u201cLa Feria de Abril aporta riqueza cultural, hermandad y es un motor econ\u00f3mico\u201d"},"content":{"rendered":"\n<p><strong><span style=\"background-color:#b5dcaf\" class=\"td_text_highlight_marker\">RA\u00cdCES ANDALUZAS. La Feria de Abril de Catalunya celebra en este 2023 su 50 edici\u00f3n. \u00bfC\u00f3mo valora esta efem\u00e9ride tan especial?<\/span><\/strong><\/p>\n\n\n\n<p><strong><span style=\"background-color:#b5dcaf\" class=\"td_text_highlight_marker\">DAVID BOTE.<\/span> <\/strong>Pues es un aniversario muy redondo que pone de manifiesto la buena salud de la Feria de Abril en Catalunya, una cita ineludible en el calendario donde las entidades de Matar\u00f3 nunca fallan. Es una tradici\u00f3n que sigue bien viva lejos de su origen geogr\u00e1fico gracias a todas las personas catalanas con ra\u00edces andaluzas que mantienen viva la cultura, la gastronom\u00eda y las relaciones interpersonales, base de nuestra sociedad.\u00a0<\/p>\n\n\n\n<p><strong><span style=\"background-color:#b5dcaf\" class=\"td_text_highlight_marker\">R.A. La Feria ha pasado por momentos complicados a lo largo de este medio siglo pero ha sabido salir adelante. \u00bfConsidera que es un puro ejemplo de resiliencia?\u00a0<\/span><\/strong><\/p>\n\n\n\n<p><strong><span style=\"background-color:#b5dcaf\" class=\"td_text_highlight_marker\">D.B. <\/span><\/strong>Y tanto, y despu\u00e9s de la pandemia de la Covid-19 se ha puesto m\u00e1s de manifiesto. Las crisis han estado y se suceden y suceder\u00e1n a lo largo de la historia y superarlas con tes\u00f3n, ingenio y reforzando los v\u00ednculos como se ha hecho para mantener viva la Feria de Abril en Catalu\u00f1a es un \u00e9xito del que todos nos hemos de felicitar. Son pruebas para salir reforzados y con aprendizajes.\u00a0 <\/p>\n\n\n\n<p><strong><span style=\"background-color:#b5dcaf\" class=\"td_text_highlight_marker\">R.A. \u00bfQu\u00e9 les dir\u00eda a todas las personas que han trabajado en el pasado y a las que siguen haci\u00e9ndolo en el presente para que la Feria est\u00e9 en el lugar que est\u00e1 hoy en d\u00eda?<\/span><\/strong><\/p>\n\n\n\n<p><strong><span style=\"background-color:#b5dcaf\" class=\"td_text_highlight_marker\">D.B.<\/span> <\/strong>Les dir\u00eda que son imprescindibles y que gracias a su trabajo en equipo se consigue un acontecimiento de pa\u00eds como es la Feria de Abril en Catalunya con una de las afluencias de p\u00fablico m\u00e1s multitudinarias en el calendario anual. Este a\u00f1o, adem\u00e1s contamos con un d\u00eda m\u00e1s de Feria, al ser el lunes 1 de mayo festivo y se podr\u00e1 superar y llegar a un record de p\u00fablico. As\u00ed lo deseo y aprovecho este espacio en vuestra publicaci\u00f3n para animar a todos los ciudadanos de Matar\u00f3 a ir a la Feria de Abril al Parc del F\u00f3rum.<\/p>\n\n\n\n<p><strong><span style=\"background-color:#b5dcaf\" class=\"td_text_highlight_marker\">R.A. El evento fue creado por los inmigrantes andaluces como una manera de sentirse cerca de su tierra pero ha evolucionado hacia un acontecimiento global. \u00bfQu\u00e9 piensa que aporta a la sociedad catalana en general?\u00a0<\/span><\/strong><\/p>\n\n\n\n<p><strong><span style=\"background-color:#b5dcaf\" class=\"td_text_highlight_marker\">D.B.<\/span> <\/strong>Aporta riqueza cultural, hermandad, tambi\u00e9n es un acontecimiento que atrae a turistas y por tanto tambi\u00e9n es un motor econ\u00f3mico as\u00ed como un escaparate para m\u00faltiples grupos de m\u00fasica y baile que se dan a conocer. <strong>\u00a0<\/strong><\/p>\n\n\n\n<p><strong><span style=\"background-color:#b5dcaf\" class=\"td_text_highlight_marker\">R.A. Esta es una de las ferias m\u00e1s grandes de toda Espa\u00f1a si tenemos en cuenta que la organiza una federaci\u00f3n de entidades y no una administraci\u00f3n. No en vano el a\u00f1o pasado super\u00f3 el mill\u00f3n de visitas y en varias ocasiones tuvo que cerrarse el acceso al Real por haberse superado el aforo. \u00bfCree que se ha valorado como se merece la Feria de Abril a nivel institucional en Catalunya?<\/span><\/strong><\/p>\n\n\n\n<p><strong><span style=\"background-color:#b5dcaf\" class=\"td_text_highlight_marker\">D.B.<\/span> <\/strong>Creo que ha tenido el soporte institucional necesario y prueba de ello ha sido su mantenimiento a lo largo de estos 50 a\u00f1os con gobiernos de diferentes colores. Desde los municipios, yo hablo por Matar\u00f3, no hace falta decir que cont\u00e1is con mi apoyo y sobre todo con las asociaciones y entidades de la ciudad que represento. <strong>\u00a0<\/strong><\/p>\n\n\n\n<p><strong><span style=\"background-color:#b5dcaf\" class=\"td_text_highlight_marker\">R.A. La Feria es un lugar de diversi\u00f3n, pero los \u00faltimos a\u00f1os ha tenido un car\u00e1cter m\u00e1s social, con puntos Lila contra las agresiones sexuales e informaci\u00f3n para el colectivo LGTBI, o casetas solidarias como en la edici\u00f3n anterior con el pueblo ucraniano. \u00bfQu\u00e9 le parecen este tipo de iniciativas en el Real?<\/span><\/strong><\/p>\n\n\n\n<p><strong><span style=\"background-color:#b5dcaf\" class=\"td_text_highlight_marker\">D.B.<\/span> <\/strong>La diversi\u00f3n ha de ir siempre de la mano del respeto y eso tendr\u00eda que ser as\u00ed pero la realidad nos muestra que como sociedad tenemos mucho trabajo a hacer. Por tanto los puntos lilas e informativo son necesarios. Nosotros en Matar\u00f3 fuimos pioneros y desde el 2016 que estamos dando este tipo de informaci\u00f3n e instalando puntos seguros en momentos como nuestra Fiesta Mayor de Les Santes.<\/p>\n\n\n\n<p><strong><span style=\"background-color:#b5dcaf\" class=\"td_text_highlight_marker\">R.A. Matar\u00f3 siempre ha estado muy presente en la Feria gracias a sus entidades y sus hermandades rocieras. \u00bfC\u00f3mo est\u00e1 de salud el movimiento asociativo cultural andaluz de la ciudad?\u00a0\u00a0<\/span><\/strong><\/p>\n\n\n\n<p><strong><span style=\"background-color:#b5dcaf\" class=\"td_text_highlight_marker\">D.B.<\/span> <\/strong>Disponemos de un nutrido movimiento asociativo cultural andaluz en Matar\u00f3, con hermandades y entidades que hacen de nuestra ciudad un lugar estupendo para vivir en armon\u00eda y que nos ofrecen una agenda cultural rica y variada.\u00a0\u00a0<\/p>\n\n\n\n<p><strong><span style=\"background-color:#b5dcaf\" class=\"td_text_highlight_marker\">R.A. \u00bfLe augura un buen futuro a la Feria de Abril? \u00bfPodremos disfrutar de 50 ediciones m\u00e1s?<\/span><\/strong><\/p>\n\n\n\n<p><strong><span style=\"background-color:#b5dcaf\" class=\"td_text_highlight_marker\">D.B. <\/span><\/strong>Y tanto, por mucho a\u00f1os m\u00e1s. Larga vida a la Feria de Abril.<\/p>\n\n\n\n<p><strong><span style=\"background-color:#b5dcaf\" class=\"td_text_highlight_marker\">R.A. Por \u00faltimo, un deseo para esta edici\u00f3n tan especial de la Feria de Abril catalana.\u00a0<\/span><\/strong><\/p>\n\n\n\n<p><strong><span style=\"background-color:#b5dcaf\" class=\"td_text_highlight_marker\">D.B<\/span>. <\/strong>Mi deseo es que la 50\u00aa edici\u00f3n de la Feria de Abril en Catalunya se celebre en armon\u00eda, con alegr\u00eda y con prosperidad. Con la mirada puesta en el futuro pero sin olvidar todo el trabajo realizado, aprendiendo de lo vivido y como dice la canci\u00f3n que no nos falte nunca la \u201cAlegr\u00eda de vivir\u201d.<\/p>\n","protected":false},"excerpt":{"rendered":"<p>RA\u00cdCES ANDALUZAS. La Feria de Abril de Catalunya celebra en este 2023 su 50 edici\u00f3n. \u00bfC\u00f3mo valora esta efem\u00e9ride tan especial? DAVID BOTE. Pues es un aniversario muy redondo que pone de manifiesto la buena salud de la Feria de Abril en Catalunya, una cita ineludible en el calendario donde las entidades de Matar\u00f3 nunca [&hellip;]<\/p>\n","protected":false},"author":1,"featured_media":1270,"comment_status":"open","ping_status":"open","sticky":false,"template":"","format":"standard","meta":{"footnotes":""},"categories":[19,20],"tags":[],"class_list":{"0":"post-1269","1":"post","2":"type-post","3":"status-publish","4":"format-standard","5":"has-post-thumbnail","7":"category-actualidad","8":"category-entrevistas"},"_links":{"self":[{"href":"https:\/\/raicesandaluzas.com\/revista\/wp-json\/wp\/v2\/posts\/1269","targetHints":{"allow":["GET"]}}],"collection":[{"href":"https:\/\/raicesandaluzas.com\/revista\/wp-json\/wp\/v2\/posts"}],"about":[{"href":"https:\/\/raicesandaluzas.com\/revista\/wp-json\/wp\/v2\/types\/post"}],"author":[{"embeddable":true,"href":"https:\/\/raicesandaluzas.com\/revista\/wp-json\/wp\/v2\/users\/1"}],"replies":[{"embeddable":true,"href":"https:\/\/raicesandaluzas.com\/revista\/wp-json\/wp\/v2\/comments?post=1269"}],"version-history":[{"count":1,"href":"https:\/\/raicesandaluzas.com\/revista\/wp-json\/wp\/v2\/posts\/1269\/revisions"}],"predecessor-version":[{"id":1271,"href":"https:\/\/raicesandaluzas.com\/revista\/wp-json\/wp\/v2\/posts\/1269\/revisions\/1271"}],"wp:featuredmedia":[{"embeddable":true,"href":"https:\/\/raicesandaluzas.com\/revista\/wp-json\/wp\/v2\/media\/1270"}],"wp:attachment":[{"href":"https:\/\/raicesandaluzas.com\/revista\/wp-json\/wp\/v2\/media?parent=1269"}],"wp:term":[{"taxonomy":"category","embeddable":true,"href":"https:\/\/raicesandaluzas.com\/revista\/wp-json\/wp\/v2\/categories?post=1269"},{"taxonomy":"post_tag","embeddable":true,"href":"https:\/\/raicesandaluzas.com\/revista\/wp-json\/wp\/v2\/tags?post=1269"}],"curies":[{"name":"wp","href":"https:\/\/api.w.org\/{rel}","templated":true}]}}