{"id":1265,"date":"2023-04-20T15:05:25","date_gmt":"2023-04-20T15:05:25","guid":{"rendered":"https:\/\/raicesandaluzas.com\/revista\/?p=1265"},"modified":"2023-04-20T15:06:39","modified_gmt":"2023-04-20T15:06:39","slug":"kiki-morentegran-reclamo-del-festival-flamenco-de-cornella-2023","status":"publish","type":"post","link":"https:\/\/raicesandaluzas.com\/revista\/2023\/04\/20\/kiki-morentegran-reclamo-del-festival-flamenco-de-cornella-2023\/","title":{"rendered":"Kiki Morente, gran reclamo del Festival Flamenco de Cornell\u00e0 2023"},"content":{"rendered":"\n<p>El mes de mayo es sin\u00f3nimo de flamenco en Cornell\u00e0 de Llobregat gracias al Festival de Arte Flamenco de Catalunya, que organizan del 6 al 27 de mayo la Coordinadora de Entidades Flamencas Andaluzas de Cornell\u00e0 y el consistorio de la localidad.<br>En esta edici\u00f3n, los principales reclamos ser\u00e1n las actuaciones de Kiki Morente (13 de mayo, 20 h., Auditori de Cornell\u00e0); El Pele y Ni\u00f1o Seve + Costi \u201cEl Chato\u201d (27 de mayo, 20 h., Auditori de Sant Ildefons); Sandra Carrasco y David de Arahal, Julian Estrada y Manuel Silveria (20 de mayo, 20 h., Auditori de Sant Ildefons).<br>El festival dar\u00e1 comienzo el 6 de mayo con \u201cLabotatoriA\u201d, un proyecto pionero en la interpretaci\u00f3n femenina del flamenco, con una compa\u00f1\u00eda formada por cinco mujeres. Actuar\u00e1n el 6 de mayo, a partir de las 20 horas, en La f\u00e1brica Bagaria.<br>La Escuela de flamenco Paca Garc\u00eda acoger\u00e1 una masterclass a cargo de la bailaora Pastora Galv\u00e1n, el 19 de mayo; y la Biblioteca central ser\u00e1 la sede de una mesa redonda que homenajear\u00e1 a Juli\u00e1n Navarro \u201cEl Califa\u201d, el 18 de mayo.<br>Como viene siendo habitual, las academias de baile mostrar\u00e1n su arte en la Plaza de la Virgen del Pilar, el 21 de mayo, a las 12 h. Actuar\u00e1n los cuadros de baile de la Asociaci\u00f3n Andaluza Hijos de Alm\u00e1char, el Centro Andaluz Blas Infante de Cornell\u00e0, y la Academia de baile flamenco Paca Garc\u00eda.<\/p>\n","protected":false},"excerpt":{"rendered":"<p>El mes de mayo es sin\u00f3nimo de flamenco en Cornell\u00e0 de Llobregat gracias al Festival de Arte Flamenco de Catalunya, que organizan del 6 al 27 de mayo la Coordinadora de Entidades Flamencas Andaluzas de Cornell\u00e0 y el consistorio de la localidad.En esta edici\u00f3n, los principales reclamos ser\u00e1n las actuaciones de Kiki Morente (13 de [&hellip;]<\/p>\n","protected":false},"author":1,"featured_media":1266,"comment_status":"open","ping_status":"open","sticky":false,"template":"","format":"standard","meta":{"footnotes":""},"categories":[19,22],"tags":[],"class_list":{"0":"post-1265","1":"post","2":"type-post","3":"status-publish","4":"format-standard","5":"has-post-thumbnail","7":"category-actualidad","8":"category-flamenco"},"_links":{"self":[{"href":"https:\/\/raicesandaluzas.com\/revista\/wp-json\/wp\/v2\/posts\/1265","targetHints":{"allow":["GET"]}}],"collection":[{"href":"https:\/\/raicesandaluzas.com\/revista\/wp-json\/wp\/v2\/posts"}],"about":[{"href":"https:\/\/raicesandaluzas.com\/revista\/wp-json\/wp\/v2\/types\/post"}],"author":[{"embeddable":true,"href":"https:\/\/raicesandaluzas.com\/revista\/wp-json\/wp\/v2\/users\/1"}],"replies":[{"embeddable":true,"href":"https:\/\/raicesandaluzas.com\/revista\/wp-json\/wp\/v2\/comments?post=1265"}],"version-history":[{"count":2,"href":"https:\/\/raicesandaluzas.com\/revista\/wp-json\/wp\/v2\/posts\/1265\/revisions"}],"predecessor-version":[{"id":1268,"href":"https:\/\/raicesandaluzas.com\/revista\/wp-json\/wp\/v2\/posts\/1265\/revisions\/1268"}],"wp:featuredmedia":[{"embeddable":true,"href":"https:\/\/raicesandaluzas.com\/revista\/wp-json\/wp\/v2\/media\/1266"}],"wp:attachment":[{"href":"https:\/\/raicesandaluzas.com\/revista\/wp-json\/wp\/v2\/media?parent=1265"}],"wp:term":[{"taxonomy":"category","embeddable":true,"href":"https:\/\/raicesandaluzas.com\/revista\/wp-json\/wp\/v2\/categories?post=1265"},{"taxonomy":"post_tag","embeddable":true,"href":"https:\/\/raicesandaluzas.com\/revista\/wp-json\/wp\/v2\/tags?post=1265"}],"curies":[{"name":"wp","href":"https:\/\/api.w.org\/{rel}","templated":true}]}}