{"id":1239,"date":"2023-03-27T08:39:14","date_gmt":"2023-03-27T08:39:14","guid":{"rendered":"https:\/\/raicesandaluzas.com\/revista\/?p=1239"},"modified":"2023-03-27T08:39:15","modified_gmt":"2023-03-27T08:39:15","slug":"el-instituto-de-guitarra-flamenca-y-el-museo-proyectos-de-la-fundacion-manolo-sanlucar-aura-seguros","status":"publish","type":"post","link":"https:\/\/raicesandaluzas.com\/revista\/2023\/03\/27\/el-instituto-de-guitarra-flamenca-y-el-museo-proyectos-de-la-fundacion-manolo-sanlucar-aura-seguros\/","title":{"rendered":"El Instituto de Guitarra Flamenca y el Museo, proyectos de la Fundaci\u00f3n Manolo Sanl\u00facar Aura Seguros"},"content":{"rendered":"\n<p>Jos\u00e9 Mart\u00ednez Talavera, presidente de la Fundaci\u00f3n Manolo Sanl\u00facar Aura Seguros; Jos\u00e9 Mar\u00eda Parra, patrono, y Juan Carlos Romero, vicesecretario, han presentado en Santa Coloma de Gramenet la nueva etapa y los proyectos de la Fundaci\u00f3n, dentro de los actos programados en el Festival Flamenc-ON.<\/p>\n\n\n\n<p><strong>La Fundaci\u00f3n Manolo Sanl\u00facar Aura Seguros tiene como objetivo principal \u201c<em>promover<\/em><\/strong><em> <strong>la difusi\u00f3n del legado art\u00edstico y humano del guitarrista Manolo Sanl\u00facar, reconocido universalmente no s\u00f3lo como compositor e int\u00e9rprete, sino tambi\u00e9n por su extraordinaria competencia did\u00e1ctica y acad\u00e9mica, que ha generado una de las l\u00edneas discipulares m\u00e1s extensas e influyentes de la guitarra flamenca<\/strong><\/em><strong>\u201d.<\/strong><\/p>\n\n\n\n<p><strong>Uno de los ejes principales que regir\u00e1 en el futuro la actividad de la Fundaci\u00f3n es, precisamente, la divulgaci\u00f3n y expresi\u00f3n de su Escuela, con su excepcional forma de comprender y transmitir el arte flamenco.<\/strong><\/p>\n\n\n\n<p><strong>ACTIVIDADES PRESENTES Y RECIENTES<\/strong><\/p>\n\n\n\n<p>Desde la constituci\u00f3n de la Fundaci\u00f3n de las Artes Flamencas Aura Seguros en 2018 en Santa Coloma de Gramenet, hemos colaborado en diversos eventos y actividades organizados por distintas entidades, federaciones, instituciones p\u00fablicas y privadas, tanto en Catalu\u00f1a como tambi\u00e9n en Andaluc\u00eda.<\/p>\n\n\n\n<ul class=\"wp-block-list\">\n<li><strong>Festival Flamenc-ON<\/strong>, que se celebra anualmente con la colaboraci\u00f3n del Ayuntamiento de Santa Coloma de Gramenet. Dedicado a la figura de Manolo Sanl\u00facar, incorpora en el programa algunas de sus obras m\u00e1s emblem\u00e1ticas como son <em>Tauromagia<\/em> y <em>Medea<\/em>, representaci\u00f3n esta \u00faltima que en esta cuarta edici\u00f3n ha tenido que ser suspendida por una lesi\u00f3n de su director, Antonio M\u00e1rquez.<\/li>\n<\/ul>\n\n\n\n<p>La filosof\u00eda del Festival, en consonancia con lo establecido en nuestros fines fundacionales, persigue la celebraci\u00f3n de un conjunto de espect\u00e1culos y experiencias relacionadas con el flamenco que pretenden su preservaci\u00f3n y difusi\u00f3n como arte y forma de expresi\u00f3n y sentimiento. Dirigi\u00e9ndose a todos los p\u00fablicos, lleva el flamenco a teatros y auditorios, situ\u00e1ndolos al mismo nivel de cualquier otra forma de expresi\u00f3n musical, pero tambi\u00e9n, traslad\u00e1ndolos a las calles, a las plazas, parques o centros comerciales donde todo aquel que quiera pueda disfrutar de \u00e9l.<\/p>\n\n\n\n<p>En esta l\u00ednea, dentro de esta cuarta edici\u00f3n del festival Flamenc-ON hemos celebrado la iniciativa <em>Flamenco por los rincones<\/em> que llev\u00f3 la m\u00fasica y la danza flamenca a tres escenarios callejeros de Santa Coloma de Gramenet.<\/p>\n\n\n\n<ul class=\"wp-block-list\">\n<li><strong>Acercamiento a las nuevas generaciones<\/strong>. Mediante acuerdos con instituciones, colegios, academias\u2026 con el fin de llenar los teatros de ni\u00f1os donde les ofrecemos espect\u00e1culos especialmente creados para ellos. Los ni\u00f1os son la nueva cantera de aficionados y de artistas por lo que creemos imprescindible crear espacios exclusivos para ellos.<\/li>\n<\/ul>\n\n\n\n<p>Un ejemplo ha sido el espect\u00e1culo gratuito <em>Manuela quiere bailar<\/em> dirigido a escolares de esta ciudad.<\/p>\n\n\n\n<ul class=\"wp-block-list\">\n<li><strong>Conferencias y masterclass<\/strong>. El objetivo es que la sociedad conozca el flamenco de una manera contextualizada y aprenda a valorarlo y admirarlo, queremos promover su ense\u00f1anza porque sin duda su conocimiento llevar\u00e1 aparejado tanto su valoraci\u00f3n como su conservaci\u00f3n.<\/li>\n\n\n\n<li><\/li>\n\n\n\n<li><strong>Ampliar la base de aficionados y j\u00f3venes valores<\/strong>.&nbsp; Trabajamos para generar nuevos aficionados. Apoyamos tambi\u00e9n a los nuevos valores o promesas que teniendo talento no tienen la visibilidad que merecen, lo que intentamos conseguir situ\u00e1ndolos junto a los artistas de primer nivel que son las referencias de nuestro Festival.<\/li>\n<\/ul>\n\n\n\n<p><strong>PROYECTOS INMEDIATOS<\/strong><\/p>\n\n\n\n<p>Como depositarios del legado del maestro, la Fundaci\u00f3n Manolo Sanl\u00facar Aura Seguros abordar\u00e1 y pondr\u00e1 en marcha una serie de proyectos ambiciosos con los que ya ven\u00edamos colaborando con Manolo Sanl\u00facar, algunos de los cuales eran su sue\u00f1o desde hace 25 a\u00f1os.<\/p>\n\n\n\n<p>Para la consecuci\u00f3n de dichos fines, la Fundaci\u00f3n realizar\u00e1, tanto de forma directa como en colaboraci\u00f3n con otras instituciones p\u00fablicas o privadas, entre otras actividades;<\/p>\n\n\n\n<ul class=\"wp-block-list\">\n<li><strong>Creaci\u00f3n y promoci\u00f3n del Instituto de Guitarra Flamenca Manolo Sanl\u00facar<\/strong> para la difusi\u00f3n universal del modelo acad\u00e9mico-art\u00edstico definido por el maestro en su obra <em>La Escuela<\/em>.Desde aqu\u00ed impartiremos los conocimientos atesorados y recogidos en su gran obra <em>La Guitarra Flamenca<\/em>.<\/li>\n<\/ul>\n\n\n\n<p>Siguiendo sus ense\u00f1anzas, daremostanta importancia a la formaci\u00f3n human\u00edstica del&nbsp;alumno como a la formaci\u00f3n t\u00e9cnica y musical.<\/p>\n\n\n\n<p>Formar, ense\u00f1ar, es la manera de inmortalizar lo que creemos importante, lo que preferimos respecto de nuestros valores, ideas y conocimiento.<\/p>\n\n\n\n<ul class=\"wp-block-list\">\n<li><strong>Creaci\u00f3n y gesti\u00f3n del Museo de Arte Flamenco Manolo Sanl\u00facar<\/strong> para la exposici\u00f3n del legado art\u00edstico, de forma permanente y\/o itinerante, en instalaciones propias de la Fundaci\u00f3n o en colaboraci\u00f3n con otras instituciones p\u00fablicas o privadas. donde poder exponer los haberes propios recopilados por el maestro y que est\u00e1n constituidos tanto por los bienes referidos a sus creaciones art\u00edstico-musicales, como por sus creaciones acad\u00e9micas.<\/li>\n<\/ul>\n\n\n\n<ul class=\"wp-block-list\">\n<li><strong>Otras iniciativas. <\/strong>Organizaci\u00f3n y colaboraci\u00f3n en todo tipo de iniciativas para la difusi\u00f3n y el recuerdo de la figura de Manolo Sanl\u00facar, tales como conciertos, conmemoraciones, monumentos, premios, conferencias, proyecciones, audiciones y exposiciones.<\/li>\n\n\n\n<li>y proyectos de<\/li>\n<\/ul>\n\n\n\n<p><strong>CAMBIO DE SEDE<\/strong><\/p>\n\n\n\n<p>Hemos procedido al traslado de la Sede Central de la Fundaci\u00f3n a Sanl\u00facar de Barrameda, poblaci\u00f3n natal de Manolo Sanl\u00facar, concretamente en la avenida Bajo Gu\u00eda, 10, donde la entidad Aura Seguros adquiri\u00f3 un inmueble protegido con inter\u00e9s cultural proyectado en 1900 por el reconocido arquitecto sevillano An\u00edbal Gonz\u00e1lez, y que tras haber sido reformado se ha cedido para el uso de la Fundaci\u00f3n.<\/p>\n","protected":false},"excerpt":{"rendered":"<p>Jos\u00e9 Mart\u00ednez Talavera, presidente de la Fundaci\u00f3n Manolo Sanl\u00facar Aura Seguros; Jos\u00e9 Mar\u00eda Parra, patrono, y Juan Carlos Romero, vicesecretario, han presentado en Santa Coloma de Gramenet la nueva etapa y los proyectos de la Fundaci\u00f3n, dentro de los actos programados en el Festival Flamenc-ON. La Fundaci\u00f3n Manolo Sanl\u00facar Aura Seguros tiene como objetivo principal [&hellip;]<\/p>\n","protected":false},"author":1,"featured_media":1240,"comment_status":"open","ping_status":"open","sticky":false,"template":"","format":"standard","meta":{"footnotes":""},"categories":[19,22],"tags":[],"class_list":{"0":"post-1239","1":"post","2":"type-post","3":"status-publish","4":"format-standard","5":"has-post-thumbnail","7":"category-actualidad","8":"category-flamenco"},"_links":{"self":[{"href":"https:\/\/raicesandaluzas.com\/revista\/wp-json\/wp\/v2\/posts\/1239","targetHints":{"allow":["GET"]}}],"collection":[{"href":"https:\/\/raicesandaluzas.com\/revista\/wp-json\/wp\/v2\/posts"}],"about":[{"href":"https:\/\/raicesandaluzas.com\/revista\/wp-json\/wp\/v2\/types\/post"}],"author":[{"embeddable":true,"href":"https:\/\/raicesandaluzas.com\/revista\/wp-json\/wp\/v2\/users\/1"}],"replies":[{"embeddable":true,"href":"https:\/\/raicesandaluzas.com\/revista\/wp-json\/wp\/v2\/comments?post=1239"}],"version-history":[{"count":1,"href":"https:\/\/raicesandaluzas.com\/revista\/wp-json\/wp\/v2\/posts\/1239\/revisions"}],"predecessor-version":[{"id":1241,"href":"https:\/\/raicesandaluzas.com\/revista\/wp-json\/wp\/v2\/posts\/1239\/revisions\/1241"}],"wp:featuredmedia":[{"embeddable":true,"href":"https:\/\/raicesandaluzas.com\/revista\/wp-json\/wp\/v2\/media\/1240"}],"wp:attachment":[{"href":"https:\/\/raicesandaluzas.com\/revista\/wp-json\/wp\/v2\/media?parent=1239"}],"wp:term":[{"taxonomy":"category","embeddable":true,"href":"https:\/\/raicesandaluzas.com\/revista\/wp-json\/wp\/v2\/categories?post=1239"},{"taxonomy":"post_tag","embeddable":true,"href":"https:\/\/raicesandaluzas.com\/revista\/wp-json\/wp\/v2\/tags?post=1239"}],"curies":[{"name":"wp","href":"https:\/\/api.w.org\/{rel}","templated":true}]}}