{"id":1209,"date":"2023-03-17T09:42:04","date_gmt":"2023-03-17T09:42:04","guid":{"rendered":"https:\/\/raicesandaluzas.com\/revista\/?p=1209"},"modified":"2023-03-20T09:43:09","modified_gmt":"2023-03-20T09:43:09","slug":"el-festival-flamenc-on-suspende-la-representacion-de-medea-por-lesion-del-bailarin-y-director-antonio-marquez","status":"publish","type":"post","link":"https:\/\/raicesandaluzas.com\/revista\/2023\/03\/17\/el-festival-flamenc-on-suspende-la-representacion-de-medea-por-lesion-del-bailarin-y-director-antonio-marquez\/","title":{"rendered":"<strong>El Festival Flamenc-ON suspende la representaci\u00f3n de \u2018Medea\u2019 por lesi\u00f3n del bailar\u00edn y director Antonio M\u00e1rquez<\/strong>"},"content":{"rendered":"\n<p>La direcci\u00f3n del Festival Flamenc-ON de Santa Coloma de Gramenet lamenta comunicar la suspensi\u00f3n del espect\u00e1culo \u2018Medea\u2019 que deb\u00eda cerrar esta cuarta edici\u00f3n el pr\u00f3ximo d\u00eda 26.<\/p>\n\n\n\n<p>El motivo de la suspensi\u00f3n es la imposibilidad de realizar el espect\u00e1culo con la m\u00ednima calidad exigible y por respeto a los espectadores debido a una grave lesi\u00f3n de rodilla sufrida por el bailar\u00edn y core\u00f3grafo Antonio M\u00e1rquez.<\/p>\n\n\n\n<p>Los espectadores que ya disponen de las entradas podr\u00e1n solicitar la devoluci\u00f3n de su importe por el mismo medio donde las adquirieron.<\/p>\n\n\n\n<p>El festival Flamenc-ON est\u00e1 organizado por la Fundaci\u00f3n Manolo Sanl\u00facar Aura Seguros y se extiende hasta el 25 de marzo con el concierto de Mayte Martin.<\/p>\n","protected":false},"excerpt":{"rendered":"<p>La direcci\u00f3n del Festival Flamenc-ON de Santa Coloma de Gramenet lamenta comunicar la suspensi\u00f3n del espect\u00e1culo \u2018Medea\u2019 que deb\u00eda cerrar esta cuarta edici\u00f3n el pr\u00f3ximo d\u00eda 26. El motivo de la suspensi\u00f3n es la imposibilidad de realizar el espect\u00e1culo con la m\u00ednima calidad exigible y por respeto a los espectadores debido a una grave lesi\u00f3n [&hellip;]<\/p>\n","protected":false},"author":1,"featured_media":1078,"comment_status":"open","ping_status":"open","sticky":false,"template":"","format":"standard","meta":{"footnotes":""},"categories":[19,22],"tags":[],"class_list":{"0":"post-1209","1":"post","2":"type-post","3":"status-publish","4":"format-standard","5":"has-post-thumbnail","7":"category-actualidad","8":"category-flamenco"},"_links":{"self":[{"href":"https:\/\/raicesandaluzas.com\/revista\/wp-json\/wp\/v2\/posts\/1209","targetHints":{"allow":["GET"]}}],"collection":[{"href":"https:\/\/raicesandaluzas.com\/revista\/wp-json\/wp\/v2\/posts"}],"about":[{"href":"https:\/\/raicesandaluzas.com\/revista\/wp-json\/wp\/v2\/types\/post"}],"author":[{"embeddable":true,"href":"https:\/\/raicesandaluzas.com\/revista\/wp-json\/wp\/v2\/users\/1"}],"replies":[{"embeddable":true,"href":"https:\/\/raicesandaluzas.com\/revista\/wp-json\/wp\/v2\/comments?post=1209"}],"version-history":[{"count":1,"href":"https:\/\/raicesandaluzas.com\/revista\/wp-json\/wp\/v2\/posts\/1209\/revisions"}],"predecessor-version":[{"id":1210,"href":"https:\/\/raicesandaluzas.com\/revista\/wp-json\/wp\/v2\/posts\/1209\/revisions\/1210"}],"wp:featuredmedia":[{"embeddable":true,"href":"https:\/\/raicesandaluzas.com\/revista\/wp-json\/wp\/v2\/media\/1078"}],"wp:attachment":[{"href":"https:\/\/raicesandaluzas.com\/revista\/wp-json\/wp\/v2\/media?parent=1209"}],"wp:term":[{"taxonomy":"category","embeddable":true,"href":"https:\/\/raicesandaluzas.com\/revista\/wp-json\/wp\/v2\/categories?post=1209"},{"taxonomy":"post_tag","embeddable":true,"href":"https:\/\/raicesandaluzas.com\/revista\/wp-json\/wp\/v2\/tags?post=1209"}],"curies":[{"name":"wp","href":"https:\/\/api.w.org\/{rel}","templated":true}]}}