{"id":1202,"date":"2023-03-14T09:00:15","date_gmt":"2023-03-14T09:00:15","guid":{"rendered":"https:\/\/raicesandaluzas.com\/revista\/?p=1202"},"modified":"2023-03-14T09:00:15","modified_gmt":"2023-03-14T09:00:15","slug":"las-hermandades-rocieras-llenaran-la-sagrada-familia-para-conmemorar-las-50-ediciones-de-la-romeria-catalana","status":"publish","type":"post","link":"https:\/\/raicesandaluzas.com\/revista\/2023\/03\/14\/las-hermandades-rocieras-llenaran-la-sagrada-familia-para-conmemorar-las-50-ediciones-de-la-romeria-catalana\/","title":{"rendered":"<strong>Las hermandades rocieras llenar\u00e1n la Sagrada Familia para conmemorar las 50 ediciones de la romer\u00eda catalana<\/strong>"},"content":{"rendered":"\n<p>La Federaci\u00f3n de Entidades Culturales Andaluzas en Catalunya (FECAC) conmemorar\u00e1 el pr\u00f3ximo s\u00e1bado, 18 de marzo, a las seis de la tarde, la edici\u00f3n n\u00famero 50 de la Romer\u00eda del Roc\u00edo en Catalu\u00f1a que tendr\u00e1 lugar del 26 al 29 de mayo pr\u00f3ximos en Terrassa.<\/p>\n\n\n\n<p>Dos mil quinientos invitados, entre autoridades -como el presidente de la Junta de Andaluc\u00eda, Juanma Moreno Bonilla-, dirigentes de las entidades y miembros de las hermandades rocieras federadas en la FECAC, llenar\u00e1n la bas\u00edlica de la Sagrada Familia en una ceremonia eucar\u00edstica que oficiar\u00e1 el cardenal-arzobispo de Barcelona, Juan Jos\u00e9 Omella, acompa\u00f1ado de diez sacerdotes consiliarios de otras tantas hermandades.<\/p>\n\n\n\n<p>El acto se iniciar\u00e1 con la entrada procesional por el pasillo central del cardenal y los oficiantes, seguidos de cinco tamborileros.<\/p>\n\n\n\n<p>Previamente, los presidentes y hermanos mayores de las 23 hermandades presentes, con sus simpecados, varas y dem\u00e1s ornamentos, desfilar\u00e1n ante el altar para presentar sus respetos y se colocar\u00e1n de cara a los fieles. Se trata de las hermandades rocieras de Santa Coloma de Gramenet, los Romeros de Barcelona, Pineda de Mar, l\u2019Hospitalet de Llobregat, Rocieros de Carmona de l\u2019Hospitalet de Llobregat, Pastora Almonte\u00f1a de l\u2019Hospitalet, Virgen de la Rocina de Sant Adri\u00e0 del Bes\u00f3s, las Marismas, Cerdanyola del Vall\u00e8s, Los Varales, Matar\u00f3, Pastorcillo Divino de l\u2019Hospitalet, San Rafael Arc\u00e1ngel, Santo \u00c1ngel de Barcelona, Rub\u00ed, Bad\u00eda del Vall\u00e8s, la Blanca Paloma de Ma\u00e7anet, Divina Pastora de Matar\u00f3, Pastora del Alba de Sant Adri\u00e0 del Bes\u00f3s, Terrassa, la Pau, Badalona y Santa Maria de Las Arenas de Terrassa.<\/p>\n\n\n\n<p>El coro de la Hermandad Virgen del Roc\u00edo Pastorcillo Divino de l\u2019Hospitalet de Llobregat acompa\u00f1ar\u00e1 musicalmente la ceremonia.<\/p>\n\n\n\n<p>La eucarist\u00eda ser\u00e1 trasmitida en directo en <em>streaming<\/em> por los canales de la Sagrada Familia y de la FECAC.<\/p>\n\n\n\n<p>La Romer\u00eda del Roc\u00edo, que se celebra en Terrassa desde 2016, tuvo lugar anteriormente en Arenys de Munt, Cerdanyola del Vall\u00e8s, Santa Perpetua de Mogoda, Mollet, Montmel\u00f3-Granollers y Montcada i Reixac-Ripollet.<\/p>\n","protected":false},"excerpt":{"rendered":"<p>La Federaci\u00f3n de Entidades Culturales Andaluzas en Catalunya (FECAC) conmemorar\u00e1 el pr\u00f3ximo s\u00e1bado, 18 de marzo, a las seis de la tarde, la edici\u00f3n n\u00famero 50 de la Romer\u00eda del Roc\u00edo en Catalu\u00f1a que tendr\u00e1 lugar del 26 al 29 de mayo pr\u00f3ximos en Terrassa. Dos mil quinientos invitados, entre autoridades -como el presidente de [&hellip;]<\/p>\n","protected":false},"author":1,"featured_media":1203,"comment_status":"open","ping_status":"open","sticky":false,"template":"","format":"standard","meta":{"footnotes":""},"categories":[19,21],"tags":[],"class_list":{"0":"post-1202","1":"post","2":"type-post","3":"status-publish","4":"format-standard","5":"has-post-thumbnail","7":"category-actualidad","8":"category-raices-rocieras"},"_links":{"self":[{"href":"https:\/\/raicesandaluzas.com\/revista\/wp-json\/wp\/v2\/posts\/1202","targetHints":{"allow":["GET"]}}],"collection":[{"href":"https:\/\/raicesandaluzas.com\/revista\/wp-json\/wp\/v2\/posts"}],"about":[{"href":"https:\/\/raicesandaluzas.com\/revista\/wp-json\/wp\/v2\/types\/post"}],"author":[{"embeddable":true,"href":"https:\/\/raicesandaluzas.com\/revista\/wp-json\/wp\/v2\/users\/1"}],"replies":[{"embeddable":true,"href":"https:\/\/raicesandaluzas.com\/revista\/wp-json\/wp\/v2\/comments?post=1202"}],"version-history":[{"count":1,"href":"https:\/\/raicesandaluzas.com\/revista\/wp-json\/wp\/v2\/posts\/1202\/revisions"}],"predecessor-version":[{"id":1204,"href":"https:\/\/raicesandaluzas.com\/revista\/wp-json\/wp\/v2\/posts\/1202\/revisions\/1204"}],"wp:featuredmedia":[{"embeddable":true,"href":"https:\/\/raicesandaluzas.com\/revista\/wp-json\/wp\/v2\/media\/1203"}],"wp:attachment":[{"href":"https:\/\/raicesandaluzas.com\/revista\/wp-json\/wp\/v2\/media?parent=1202"}],"wp:term":[{"taxonomy":"category","embeddable":true,"href":"https:\/\/raicesandaluzas.com\/revista\/wp-json\/wp\/v2\/categories?post=1202"},{"taxonomy":"post_tag","embeddable":true,"href":"https:\/\/raicesandaluzas.com\/revista\/wp-json\/wp\/v2\/tags?post=1202"}],"curies":[{"name":"wp","href":"https:\/\/api.w.org\/{rel}","templated":true}]}}