{"id":1199,"date":"2023-03-13T11:10:01","date_gmt":"2023-03-13T11:10:01","guid":{"rendered":"https:\/\/raicesandaluzas.com\/revista\/?p=1199"},"modified":"2023-03-13T11:10:01","modified_gmt":"2023-03-13T11:10:01","slug":"la-casa-cultural-y-recreativa-andalucia-y-catalunya-celebra-su-xiii-semana-cultural","status":"publish","type":"post","link":"https:\/\/raicesandaluzas.com\/revista\/2023\/03\/13\/la-casa-cultural-y-recreativa-andalucia-y-catalunya-celebra-su-xiii-semana-cultural\/","title":{"rendered":"La Casa Cultural y Recreativa Andaluc\u00eda y Catalunya celebra su XIII Semana Cultural"},"content":{"rendered":"\n<p>Del 20 al 26 de marzo, la Casa Cultural y Recreativa Andaluc\u00eda y Catalunya de Badalona celebra su XIII Semana Cultural. Los actos comenzar\u00e1n el pr\u00f3ximo lunes, 20 de marzo, con la presentaci\u00f3n de la semana a cargo del presidente de la entidad, Sebasti\u00e1n Nolasco, y el recital de poes\u00eda a cargo de Crist\u00f3bal Serrano. Al d\u00eda siguiente tendr\u00e1 lugar una clase abierta de sevillanas. El jueves, 23 de marzo, a partir de las 19 horas, la exalcaldesa de Badalona, Maite Arqu\u00e9, participar\u00e1 en la conferencia-coloquio sobre \u00abAndaluc\u00eda y las entidades andaluzas\u00bb. El viernes, 24 de marzo, el baile ser\u00e1 el protagonista, primero con un ensayo de los cuadros de baile de la entidad y despu\u00e9s una sesi\u00f3n de bailes en l\u00edneas, todo a partir de las 19 horas.    <\/p>\n\n\n\n<p>El fin de semana comenzar\u00e1 con un taller de canciones rocieras a partir de las 17.30 horas y la jornada del s\u00e1bado, 25 de marzo, concluir\u00e1 con la obra de teatro \u00abLa Llamada\u00bb a cargo de Art en acci\u00f3. Los actos concluir\u00e1n el domingo, 26 de marzo, con una Misa rociera por el 39 aniversario de la entidad que ser\u00e1 cantada por el coro de la Hermandad Ntra. Sra. del Roc\u00edo de Badalona en la parroquia Mare de D\u00e9u del Roser de Lloreda. La celebraci\u00f3n por el 39 aniversario del centro continuar\u00e1 en la sede de la entidad, en la calle Serra de Dar\u00f3 esquina SAnt Hilari Sacalm del barrio de Lloreda, Badalona.  <\/p>\n","protected":false},"excerpt":{"rendered":"<p>Del 20 al 26 de marzo, la Casa Cultural y Recreativa Andaluc\u00eda y Catalunya de Badalona celebra su XIII Semana Cultural. Los actos comenzar\u00e1n el pr\u00f3ximo lunes, 20 de marzo, con la presentaci\u00f3n de la semana a cargo del presidente de la entidad, Sebasti\u00e1n Nolasco, y el recital de poes\u00eda a cargo de Crist\u00f3bal Serrano. [&hellip;]<\/p>\n","protected":false},"author":1,"featured_media":1200,"comment_status":"open","ping_status":"open","sticky":false,"template":"","format":"standard","meta":{"footnotes":""},"categories":[19],"tags":[],"class_list":{"0":"post-1199","1":"post","2":"type-post","3":"status-publish","4":"format-standard","5":"has-post-thumbnail","7":"category-actualidad"},"_links":{"self":[{"href":"https:\/\/raicesandaluzas.com\/revista\/wp-json\/wp\/v2\/posts\/1199","targetHints":{"allow":["GET"]}}],"collection":[{"href":"https:\/\/raicesandaluzas.com\/revista\/wp-json\/wp\/v2\/posts"}],"about":[{"href":"https:\/\/raicesandaluzas.com\/revista\/wp-json\/wp\/v2\/types\/post"}],"author":[{"embeddable":true,"href":"https:\/\/raicesandaluzas.com\/revista\/wp-json\/wp\/v2\/users\/1"}],"replies":[{"embeddable":true,"href":"https:\/\/raicesandaluzas.com\/revista\/wp-json\/wp\/v2\/comments?post=1199"}],"version-history":[{"count":1,"href":"https:\/\/raicesandaluzas.com\/revista\/wp-json\/wp\/v2\/posts\/1199\/revisions"}],"predecessor-version":[{"id":1201,"href":"https:\/\/raicesandaluzas.com\/revista\/wp-json\/wp\/v2\/posts\/1199\/revisions\/1201"}],"wp:featuredmedia":[{"embeddable":true,"href":"https:\/\/raicesandaluzas.com\/revista\/wp-json\/wp\/v2\/media\/1200"}],"wp:attachment":[{"href":"https:\/\/raicesandaluzas.com\/revista\/wp-json\/wp\/v2\/media?parent=1199"}],"wp:term":[{"taxonomy":"category","embeddable":true,"href":"https:\/\/raicesandaluzas.com\/revista\/wp-json\/wp\/v2\/categories?post=1199"},{"taxonomy":"post_tag","embeddable":true,"href":"https:\/\/raicesandaluzas.com\/revista\/wp-json\/wp\/v2\/tags?post=1199"}],"curies":[{"name":"wp","href":"https:\/\/api.w.org\/{rel}","templated":true}]}}