{"id":1189,"date":"2023-03-06T12:01:50","date_gmt":"2023-03-06T12:01:50","guid":{"rendered":"https:\/\/raicesandaluzas.com\/revista\/?p=1189"},"modified":"2023-03-10T12:24:53","modified_gmt":"2023-03-10T12:24:53","slug":"la-hermandad-de-las-angustias-presenta-su-cartel-de-la-semana-santa-2023","status":"publish","type":"post","link":"https:\/\/raicesandaluzas.com\/revista\/2023\/03\/06\/la-hermandad-de-las-angustias-presenta-su-cartel-de-la-semana-santa-2023\/","title":{"rendered":"La Hermandad de las Angustias presenta su cartel de la Semana Santa 2023"},"content":{"rendered":"\n<p>Este pasado s\u00e1bado, 4 de marzo, la Hermandad y Cofrad\u00eda de Nuestra Se\u00f1ora de las Angustias de Barcelona llev\u00f3 a cabo la presentaci\u00f3n del cartel de la Semana Santa 2023, obra de Kevin Eguia, devoto de la Virgen residente en Filipinas, que dibuj\u00f3 a mano el conjunto de Nuestra Se\u00f1ora de las Angustias y el SAnt\u00edsimo Cristo de la Misericordia para despu\u00e9s ser digitalizado. Destaca el nombre ANGUSTIAS, con el detalle de la concha haciendo alusi\u00f3n al atributo propio del Ap\u00f3stol Santiago (San Jaime), titular de la sede can\u00f3nica de la hermandad.<\/p>\n\n\n<div class=\"wp-block-image\">\n<div><a href=\"https:\/\/raicesandaluzas.com\/revista\/wp-content\/uploads\/2023\/03\/CARTEL-SS-2023-PATROCINADORES-753x1024.jpg\" class=\"td-modal-image\"><figure class=\"aligncenter size-large\"><img loading=\"lazy\" decoding=\"async\" width=\"753\" height=\"1024\" src=\"https:\/\/raicesandaluzas.com\/revista\/wp-content\/uploads\/2023\/03\/CARTEL-SS-2023-PATROCINADORES-753x1024.jpg\" alt=\"\" class=\"wp-image-1197\" srcset=\"https:\/\/raicesandaluzas.com\/revista\/wp-content\/uploads\/2023\/03\/CARTEL-SS-2023-PATROCINADORES-753x1024.jpg 753w, https:\/\/raicesandaluzas.com\/revista\/wp-content\/uploads\/2023\/03\/CARTEL-SS-2023-PATROCINADORES-221x300.jpg 221w, https:\/\/raicesandaluzas.com\/revista\/wp-content\/uploads\/2023\/03\/CARTEL-SS-2023-PATROCINADORES-768x1045.jpg 768w, https:\/\/raicesandaluzas.com\/revista\/wp-content\/uploads\/2023\/03\/CARTEL-SS-2023-PATROCINADORES-696x947.jpg 696w, https:\/\/raicesandaluzas.com\/revista\/wp-content\/uploads\/2023\/03\/CARTEL-SS-2023-PATROCINADORES-309x420.jpg 309w, https:\/\/raicesandaluzas.com\/revista\/wp-content\/uploads\/2023\/03\/CARTEL-SS-2023-PATROCINADORES.jpg 882w\" sizes=\"auto, (max-width: 753px) 100vw, 753px\" \/><\/figure><\/a><\/div>\n<\/div>\n\n\n<p>Justo antes de la presentaci\u00f3n del cartel tuvo lugar el concierto de marchas procesionales, que en esta ocasi\u00f3n corri\u00f3 a cargo de la Agrupaci\u00f3n Musical Nuestra Se\u00f1ora de la Sierra de Santa Coloma de Gramenet. Tras un breve pasacalles por el barrio g\u00f3tico, los m\u00fasicos hicieron su entrada en la Iglesia de San Jaime a los sones de la marcha \u00abVirgen de las Angustias\u00bb. Al finalizar el concierto, y tras las palabras de agradecimiento del Hermano Mayor, Juli\u00e1n Mu\u00f1oz, la Agrupaci\u00f3n regal\u00f3 una \u00faltima marcha, \u00abEncarnaci\u00f3n Coronada\u00bb, adaptada para Agrupaci\u00f3n Musical y cantada por los all\u00ed presentes. <\/p>\n\n\n\n<p>Posteriormente,\u00a0se celebr\u00f3 el tercer y \u00faltimo d\u00eda de Triduo y Santa Misa en Honor a Nuestra Se\u00f1ora de las Angustias, oficiada por Fray Francesc Xavier Catal\u00e0 O.P., auxiliada por ac\u00f3litos de la Hermandad, y amenizada al \u00f3rgano musicalmente por Salvador Biarn\u00e9s. Antes del ofertorio, juraron reglas los nuevos hermanos de la corporaci\u00f3n.\u00a0El Hermano Mayor, en presencia de la Junta de Gobierno, impuso las medallas bendecidas a los nuevos hermanos.\u00a0Un total de 14 nuevos hermanos de los 17 que fueron convocados.<\/p>\n\n\n\n<p>Para finalizar, se bendijo el nuevo paso de la Virgen realizado por el sevillano Enrique Calero.<\/p>\n\n\n\n<figure class=\"wp-block-gallery has-nested-images columns-4 is-cropped wp-block-gallery-1 is-layout-flex wp-block-gallery-is-layout-flex\">\n<figure class=\"wp-block-image size-large\"><a href=\"https:\/\/raicesandaluzas.com\/revista\/wp-content\/uploads\/2023\/03\/angustiasss2023_05.jpg\"><img loading=\"lazy\" decoding=\"async\" width=\"820\" height=\"1024\" data-id=\"1193\" src=\"https:\/\/raicesandaluzas.com\/revista\/wp-content\/uploads\/2023\/03\/angustiasss2023_05-820x1024.jpg\" alt=\"\" class=\"wp-image-1193\" srcset=\"https:\/\/raicesandaluzas.com\/revista\/wp-content\/uploads\/2023\/03\/angustiasss2023_05-820x1024.jpg 820w, https:\/\/raicesandaluzas.com\/revista\/wp-content\/uploads\/2023\/03\/angustiasss2023_05-240x300.jpg 240w, https:\/\/raicesandaluzas.com\/revista\/wp-content\/uploads\/2023\/03\/angustiasss2023_05-768x959.jpg 768w, https:\/\/raicesandaluzas.com\/revista\/wp-content\/uploads\/2023\/03\/angustiasss2023_05-696x869.jpg 696w, https:\/\/raicesandaluzas.com\/revista\/wp-content\/uploads\/2023\/03\/angustiasss2023_05-336x420.jpg 336w, https:\/\/raicesandaluzas.com\/revista\/wp-content\/uploads\/2023\/03\/angustiasss2023_05.jpg 961w\" sizes=\"auto, (max-width: 820px) 100vw, 820px\" \/><\/a><\/figure>\n\n\n\n<figure class=\"wp-block-image size-large\"><a href=\"https:\/\/raicesandaluzas.com\/revista\/wp-content\/uploads\/2023\/03\/angustiasss2023_04.jpg\"><img loading=\"lazy\" decoding=\"async\" width=\"819\" height=\"1024\" data-id=\"1190\" src=\"https:\/\/raicesandaluzas.com\/revista\/wp-content\/uploads\/2023\/03\/angustiasss2023_04-819x1024.jpg\" alt=\"\" class=\"wp-image-1190\" srcset=\"https:\/\/raicesandaluzas.com\/revista\/wp-content\/uploads\/2023\/03\/angustiasss2023_04-819x1024.jpg 819w, https:\/\/raicesandaluzas.com\/revista\/wp-content\/uploads\/2023\/03\/angustiasss2023_04-240x300.jpg 240w, https:\/\/raicesandaluzas.com\/revista\/wp-content\/uploads\/2023\/03\/angustiasss2023_04-768x960.jpg 768w, https:\/\/raicesandaluzas.com\/revista\/wp-content\/uploads\/2023\/03\/angustiasss2023_04-696x870.jpg 696w, https:\/\/raicesandaluzas.com\/revista\/wp-content\/uploads\/2023\/03\/angustiasss2023_04-336x420.jpg 336w, https:\/\/raicesandaluzas.com\/revista\/wp-content\/uploads\/2023\/03\/angustiasss2023_04.jpg 960w\" sizes=\"auto, (max-width: 819px) 100vw, 819px\" \/><\/a><\/figure>\n\n\n\n<figure class=\"wp-block-image size-large\"><a href=\"https:\/\/raicesandaluzas.com\/revista\/wp-content\/uploads\/2023\/03\/angustiasss2023_03.jpg\"><img loading=\"lazy\" decoding=\"async\" width=\"819\" height=\"1024\" data-id=\"1191\" src=\"https:\/\/raicesandaluzas.com\/revista\/wp-content\/uploads\/2023\/03\/angustiasss2023_03-819x1024.jpg\" alt=\"\" class=\"wp-image-1191\" srcset=\"https:\/\/raicesandaluzas.com\/revista\/wp-content\/uploads\/2023\/03\/angustiasss2023_03-819x1024.jpg 819w, https:\/\/raicesandaluzas.com\/revista\/wp-content\/uploads\/2023\/03\/angustiasss2023_03-240x300.jpg 240w, https:\/\/raicesandaluzas.com\/revista\/wp-content\/uploads\/2023\/03\/angustiasss2023_03-768x960.jpg 768w, https:\/\/raicesandaluzas.com\/revista\/wp-content\/uploads\/2023\/03\/angustiasss2023_03-696x870.jpg 696w, https:\/\/raicesandaluzas.com\/revista\/wp-content\/uploads\/2023\/03\/angustiasss2023_03-336x420.jpg 336w, https:\/\/raicesandaluzas.com\/revista\/wp-content\/uploads\/2023\/03\/angustiasss2023_03.jpg 960w\" sizes=\"auto, (max-width: 819px) 100vw, 819px\" \/><\/a><\/figure>\n\n\n\n<figure class=\"wp-block-image size-large\"><a href=\"https:\/\/raicesandaluzas.com\/revista\/wp-content\/uploads\/2023\/03\/angustiasss2023_02.jpg\"><img loading=\"lazy\" decoding=\"async\" width=\"683\" height=\"1024\" data-id=\"1192\" src=\"https:\/\/raicesandaluzas.com\/revista\/wp-content\/uploads\/2023\/03\/angustiasss2023_02-683x1024.jpg\" alt=\"\" class=\"wp-image-1192\" srcset=\"https:\/\/raicesandaluzas.com\/revista\/wp-content\/uploads\/2023\/03\/angustiasss2023_02-683x1024.jpg 683w, https:\/\/raicesandaluzas.com\/revista\/wp-content\/uploads\/2023\/03\/angustiasss2023_02-200x300.jpg 200w, https:\/\/raicesandaluzas.com\/revista\/wp-content\/uploads\/2023\/03\/angustiasss2023_02-768x1152.jpg 768w, https:\/\/raicesandaluzas.com\/revista\/wp-content\/uploads\/2023\/03\/angustiasss2023_02-696x1044.jpg 696w, https:\/\/raicesandaluzas.com\/revista\/wp-content\/uploads\/2023\/03\/angustiasss2023_02-280x420.jpg 280w, https:\/\/raicesandaluzas.com\/revista\/wp-content\/uploads\/2023\/03\/angustiasss2023_02.jpg 800w\" sizes=\"auto, (max-width: 683px) 100vw, 683px\" \/><\/a><\/figure>\n<\/figure>\n","protected":false},"excerpt":{"rendered":"<p>Este pasado s\u00e1bado, 4 de marzo, la Hermandad y Cofrad\u00eda de Nuestra Se\u00f1ora de las Angustias de Barcelona llev\u00f3 a cabo la presentaci\u00f3n del cartel de la Semana Santa 2023, obra de Kevin Eguia, devoto de la Virgen residente en Filipinas, que dibuj\u00f3 a mano el conjunto de Nuestra Se\u00f1ora de las Angustias y el [&hellip;]<\/p>\n","protected":false},"author":1,"featured_media":1194,"comment_status":"open","ping_status":"open","sticky":false,"template":"","format":"standard","meta":{"footnotes":""},"categories":[19],"tags":[],"class_list":{"0":"post-1189","1":"post","2":"type-post","3":"status-publish","4":"format-standard","5":"has-post-thumbnail","7":"category-actualidad"},"_links":{"self":[{"href":"https:\/\/raicesandaluzas.com\/revista\/wp-json\/wp\/v2\/posts\/1189","targetHints":{"allow":["GET"]}}],"collection":[{"href":"https:\/\/raicesandaluzas.com\/revista\/wp-json\/wp\/v2\/posts"}],"about":[{"href":"https:\/\/raicesandaluzas.com\/revista\/wp-json\/wp\/v2\/types\/post"}],"author":[{"embeddable":true,"href":"https:\/\/raicesandaluzas.com\/revista\/wp-json\/wp\/v2\/users\/1"}],"replies":[{"embeddable":true,"href":"https:\/\/raicesandaluzas.com\/revista\/wp-json\/wp\/v2\/comments?post=1189"}],"version-history":[{"count":2,"href":"https:\/\/raicesandaluzas.com\/revista\/wp-json\/wp\/v2\/posts\/1189\/revisions"}],"predecessor-version":[{"id":1198,"href":"https:\/\/raicesandaluzas.com\/revista\/wp-json\/wp\/v2\/posts\/1189\/revisions\/1198"}],"wp:featuredmedia":[{"embeddable":true,"href":"https:\/\/raicesandaluzas.com\/revista\/wp-json\/wp\/v2\/media\/1194"}],"wp:attachment":[{"href":"https:\/\/raicesandaluzas.com\/revista\/wp-json\/wp\/v2\/media?parent=1189"}],"wp:term":[{"taxonomy":"category","embeddable":true,"href":"https:\/\/raicesandaluzas.com\/revista\/wp-json\/wp\/v2\/categories?post=1189"},{"taxonomy":"post_tag","embeddable":true,"href":"https:\/\/raicesandaluzas.com\/revista\/wp-json\/wp\/v2\/tags?post=1189"}],"curies":[{"name":"wp","href":"https:\/\/api.w.org\/{rel}","templated":true}]}}