{"id":1184,"date":"2023-03-10T11:45:19","date_gmt":"2023-03-10T11:45:19","guid":{"rendered":"https:\/\/raicesandaluzas.com\/revista\/?p=1184"},"modified":"2023-03-10T11:45:19","modified_gmt":"2023-03-10T11:45:19","slug":"arcangel-protagonista-este-sabado-en-el-festival-flamenc-on-de-santa-coloma-de-gramenet","status":"publish","type":"post","link":"https:\/\/raicesandaluzas.com\/revista\/2023\/03\/10\/arcangel-protagonista-este-sabado-en-el-festival-flamenc-on-de-santa-coloma-de-gramenet\/","title":{"rendered":"<strong>Arc\u00e1ngel, protagonista este s\u00e1bado en el Festival Flamenc-ON de Santa Coloma de Gramenet<\/strong>"},"content":{"rendered":"\n<p>El Festival Flamenc-ON llega a su ecuador este s\u00e1bado, 11 de marzo, con el concierto del \u2018cantaor\u2019 Arc\u00e1ngel, a las siete de la tarde en el Teatre Sagarra.<\/p>\n\n\n\n<p>Se trata del cuarto espect\u00e1culo del festival que se celebra en Santa Coloma de Gramenet, organizado por la Fundaci\u00f3n Manolo Sanl\u00facar Aura Seguros y que contar\u00e1 con otras cuatro actuaciones art\u00edsticas hasta el 26 de marzo.<\/p>\n\n\n\n<p>Arc\u00e1ngel (Huelva, 1977) lleva siendo un nombre de referencia en el flamenco pr\u00e1cticamente desde que empez\u00f3 como cantaor profesional alrededor de los 15 a\u00f1os de edad. En su eco y en su modo de entender el cante flamenco conviven con naturalidad un profundo conocimiento y respeto de la ra\u00edz de lo jondo con un inter\u00e9s incesante por encontrar nuevos caminos de desarrollo para el arte flamenco: es en esa delicada y bella l\u00ednea (tantas veces citada, tan pocas veces escuchada o siquiera intuida) que separa la tradici\u00f3n y la vanguardia donde reside la concepci\u00f3n del arte del cantaor onubense.<\/p>\n\n\n\n<p>Compositor y dinamizador del g\u00e9nero adem\u00e1s de cantaor de enjundia, Arc\u00e1ngel ha recibido en numerosas ocasiones premios de cr\u00edtica y p\u00fablico de la Bienal de Flamenco de Sevilla. Su recorrido internacional incluye teatros y cert\u00e1menes tan prestigiosos como el Carnegie Hall (Nueva York), Teatro Real y Auditorio Nacional de M\u00fasica (Madrid), Fundaci\u00f3n Gulbenkian (Lisboa) las Bienales de Flamenco de Roma y Pa\u00edses Bajos o los referenciales festivales franceses de Aix-en- Provence, Mont de Marsan y Les Sud en Arles.<\/p>\n\n\n\n<p>Tras su disco de debut, Arc\u00e1ngel (2001) y su siguiente trabajo, La calle perd\u00eda (2004), ha grabado Ropa vieja (2006), El Quijote de los sue\u00f1os (2011), Tablao (2015) y Al Este del Cante (2018), por el que recibi\u00f3 el Grammy Latino en la categor\u00eda Flamenco.<\/p>\n\n\n\n<p>Arc\u00e1ngel ha sido galardonado con la Medalla de Oro de Andaluc\u00eda en 2017 y La Medalla de Oro de la Provincia de Huelva en 2018.<\/p>\n","protected":false},"excerpt":{"rendered":"<p>El Festival Flamenc-ON llega a su ecuador este s\u00e1bado, 11 de marzo, con el concierto del \u2018cantaor\u2019 Arc\u00e1ngel, a las siete de la tarde en el Teatre Sagarra. Se trata del cuarto espect\u00e1culo del festival que se celebra en Santa Coloma de Gramenet, organizado por la Fundaci\u00f3n Manolo Sanl\u00facar Aura Seguros y que contar\u00e1 con [&hellip;]<\/p>\n","protected":false},"author":1,"featured_media":1185,"comment_status":"open","ping_status":"open","sticky":false,"template":"","format":"standard","meta":{"footnotes":""},"categories":[19,22],"tags":[],"class_list":{"0":"post-1184","1":"post","2":"type-post","3":"status-publish","4":"format-standard","5":"has-post-thumbnail","7":"category-actualidad","8":"category-flamenco"},"_links":{"self":[{"href":"https:\/\/raicesandaluzas.com\/revista\/wp-json\/wp\/v2\/posts\/1184","targetHints":{"allow":["GET"]}}],"collection":[{"href":"https:\/\/raicesandaluzas.com\/revista\/wp-json\/wp\/v2\/posts"}],"about":[{"href":"https:\/\/raicesandaluzas.com\/revista\/wp-json\/wp\/v2\/types\/post"}],"author":[{"embeddable":true,"href":"https:\/\/raicesandaluzas.com\/revista\/wp-json\/wp\/v2\/users\/1"}],"replies":[{"embeddable":true,"href":"https:\/\/raicesandaluzas.com\/revista\/wp-json\/wp\/v2\/comments?post=1184"}],"version-history":[{"count":1,"href":"https:\/\/raicesandaluzas.com\/revista\/wp-json\/wp\/v2\/posts\/1184\/revisions"}],"predecessor-version":[{"id":1186,"href":"https:\/\/raicesandaluzas.com\/revista\/wp-json\/wp\/v2\/posts\/1184\/revisions\/1186"}],"wp:featuredmedia":[{"embeddable":true,"href":"https:\/\/raicesandaluzas.com\/revista\/wp-json\/wp\/v2\/media\/1185"}],"wp:attachment":[{"href":"https:\/\/raicesandaluzas.com\/revista\/wp-json\/wp\/v2\/media?parent=1184"}],"wp:term":[{"taxonomy":"category","embeddable":true,"href":"https:\/\/raicesandaluzas.com\/revista\/wp-json\/wp\/v2\/categories?post=1184"},{"taxonomy":"post_tag","embeddable":true,"href":"https:\/\/raicesandaluzas.com\/revista\/wp-json\/wp\/v2\/tags?post=1184"}],"curies":[{"name":"wp","href":"https:\/\/api.w.org\/{rel}","templated":true}]}}