{"id":1178,"date":"2023-03-07T19:04:26","date_gmt":"2023-03-07T19:04:26","guid":{"rendered":"https:\/\/raicesandaluzas.com\/revista\/?p=1178"},"modified":"2023-03-08T19:06:48","modified_gmt":"2023-03-08T19:06:48","slug":"la-casa-de-sevilla-de-sant-boi-reune-a-gran-publico-alrededor-de-la-fiesta-del-dia-de-andalucia","status":"publish","type":"post","link":"https:\/\/raicesandaluzas.com\/revista\/2023\/03\/07\/la-casa-de-sevilla-de-sant-boi-reune-a-gran-publico-alrededor-de-la-fiesta-del-dia-de-andalucia\/","title":{"rendered":"La Casa de Sevilla de Sant Boi re\u00fane a gran p\u00fablico alrededor de la fiesta del D\u00eda de Andaluc\u00eda"},"content":{"rendered":"\n<p>A pesar de la distancia el esp\u00edritu andaluz est\u00e1 muy presente en Sant Boi de Llobregat, gracias al papel importante que hacen entidades como la Casa de Sevilla.<\/p>\n\n\n\n<p>Es por eso que este domingo 5 de marzo se ha celebrado la jornada con motivo del D\u00eda de Andaluc\u00eda donde se ha realizado una serie de actividades como la Misa Rociera cantada por el Coro Rociero \u201cRa\u00edces\u201d de la Casa de Sevilla que presidida por Pare Esteve ha aportado los momentos m\u00e1s espirituales a la celebraci\u00f3n.<\/p>\n\n\n\n<p>Posteriormente ha sido el turno de la Escuela de Baile Flamenco de la entidad que ha deleitado con la gran variedad de estilos flamencos y rico vestuario que demuestran en cada una de sus actuaciones<\/p>\n\n\n\n<p>El punto final a la fiesta ha sido la degustaci\u00f3n de las casi 300 raciones que se han vendido de Migas, elaboradas por socios de la entidad, y que han dado ese \u201cbuen sabor\u201d a la fiesta.<\/p>\n\n\n\n<p>La entidad organizadora ha batido r\u00e9cords al ser el primer a\u00f1o que se han repartido todos los tickets de Migas antes de llegar el d\u00eda de la fiesta.<\/p>\n\n\n\n<figure class=\"wp-block-gallery has-nested-images columns-default is-cropped wp-block-gallery-1 is-layout-flex wp-block-gallery-is-layout-flex\">\n<figure class=\"wp-block-image size-large\"><a href=\"https:\/\/raicesandaluzas.com\/revista\/wp-content\/uploads\/2023\/03\/santboi04.jpg\"><img loading=\"lazy\" decoding=\"async\" width=\"1024\" height=\"523\" data-id=\"1180\" src=\"https:\/\/raicesandaluzas.com\/revista\/wp-content\/uploads\/2023\/03\/santboi04-1024x523.jpg\" alt=\"\" class=\"wp-image-1180\" srcset=\"https:\/\/raicesandaluzas.com\/revista\/wp-content\/uploads\/2023\/03\/santboi04-1024x523.jpg 1024w, https:\/\/raicesandaluzas.com\/revista\/wp-content\/uploads\/2023\/03\/santboi04-300x153.jpg 300w, https:\/\/raicesandaluzas.com\/revista\/wp-content\/uploads\/2023\/03\/santboi04-768x392.jpg 768w, https:\/\/raicesandaluzas.com\/revista\/wp-content\/uploads\/2023\/03\/santboi04-696x356.jpg 696w, https:\/\/raicesandaluzas.com\/revista\/wp-content\/uploads\/2023\/03\/santboi04-1068x546.jpg 1068w, https:\/\/raicesandaluzas.com\/revista\/wp-content\/uploads\/2023\/03\/santboi04-822x420.jpg 822w, https:\/\/raicesandaluzas.com\/revista\/wp-content\/uploads\/2023\/03\/santboi04.jpg 1200w\" sizes=\"auto, (max-width: 1024px) 100vw, 1024px\" \/><\/a><\/figure>\n\n\n\n<figure class=\"wp-block-image size-large\"><a href=\"https:\/\/raicesandaluzas.com\/revista\/wp-content\/uploads\/2023\/03\/santboi03.jpg\"><img loading=\"lazy\" decoding=\"async\" width=\"1024\" height=\"461\" data-id=\"1179\" src=\"https:\/\/raicesandaluzas.com\/revista\/wp-content\/uploads\/2023\/03\/santboi03-1024x461.jpg\" alt=\"\" class=\"wp-image-1179\" srcset=\"https:\/\/raicesandaluzas.com\/revista\/wp-content\/uploads\/2023\/03\/santboi03-1024x461.jpg 1024w, https:\/\/raicesandaluzas.com\/revista\/wp-content\/uploads\/2023\/03\/santboi03-300x135.jpg 300w, https:\/\/raicesandaluzas.com\/revista\/wp-content\/uploads\/2023\/03\/santboi03-768x346.jpg 768w, https:\/\/raicesandaluzas.com\/revista\/wp-content\/uploads\/2023\/03\/santboi03-696x313.jpg 696w, https:\/\/raicesandaluzas.com\/revista\/wp-content\/uploads\/2023\/03\/santboi03-1068x481.jpg 1068w, https:\/\/raicesandaluzas.com\/revista\/wp-content\/uploads\/2023\/03\/santboi03-933x420.jpg 933w, https:\/\/raicesandaluzas.com\/revista\/wp-content\/uploads\/2023\/03\/santboi03.jpg 1200w\" sizes=\"auto, (max-width: 1024px) 100vw, 1024px\" \/><\/a><\/figure>\n\n\n\n<figure class=\"wp-block-image size-large\"><a href=\"https:\/\/raicesandaluzas.com\/revista\/wp-content\/uploads\/2023\/03\/santboi02.jpg\"><img loading=\"lazy\" decoding=\"async\" width=\"1024\" height=\"768\" data-id=\"1181\" src=\"https:\/\/raicesandaluzas.com\/revista\/wp-content\/uploads\/2023\/03\/santboi02-1024x768.jpg\" alt=\"\" class=\"wp-image-1181\" srcset=\"https:\/\/raicesandaluzas.com\/revista\/wp-content\/uploads\/2023\/03\/santboi02-1024x768.jpg 1024w, https:\/\/raicesandaluzas.com\/revista\/wp-content\/uploads\/2023\/03\/santboi02-300x225.jpg 300w, https:\/\/raicesandaluzas.com\/revista\/wp-content\/uploads\/2023\/03\/santboi02-768x576.jpg 768w, https:\/\/raicesandaluzas.com\/revista\/wp-content\/uploads\/2023\/03\/santboi02-696x522.jpg 696w, https:\/\/raicesandaluzas.com\/revista\/wp-content\/uploads\/2023\/03\/santboi02-1068x801.jpg 1068w, https:\/\/raicesandaluzas.com\/revista\/wp-content\/uploads\/2023\/03\/santboi02-560x420.jpg 560w, https:\/\/raicesandaluzas.com\/revista\/wp-content\/uploads\/2023\/03\/santboi02-80x60.jpg 80w, https:\/\/raicesandaluzas.com\/revista\/wp-content\/uploads\/2023\/03\/santboi02-265x198.jpg 265w, https:\/\/raicesandaluzas.com\/revista\/wp-content\/uploads\/2023\/03\/santboi02.jpg 1200w\" sizes=\"auto, (max-width: 1024px) 100vw, 1024px\" \/><\/a><\/figure>\n<\/figure>\n","protected":false},"excerpt":{"rendered":"<p>A pesar de la distancia el esp\u00edritu andaluz est\u00e1 muy presente en Sant Boi de Llobregat, gracias al papel importante que hacen entidades como la Casa de Sevilla. Es por eso que este domingo 5 de marzo se ha celebrado la jornada con motivo del D\u00eda de Andaluc\u00eda donde se ha realizado una serie de [&hellip;]<\/p>\n","protected":false},"author":1,"featured_media":1182,"comment_status":"open","ping_status":"open","sticky":false,"template":"","format":"standard","meta":{"footnotes":""},"categories":[19],"tags":[],"class_list":{"0":"post-1178","1":"post","2":"type-post","3":"status-publish","4":"format-standard","5":"has-post-thumbnail","7":"category-actualidad"},"_links":{"self":[{"href":"https:\/\/raicesandaluzas.com\/revista\/wp-json\/wp\/v2\/posts\/1178","targetHints":{"allow":["GET"]}}],"collection":[{"href":"https:\/\/raicesandaluzas.com\/revista\/wp-json\/wp\/v2\/posts"}],"about":[{"href":"https:\/\/raicesandaluzas.com\/revista\/wp-json\/wp\/v2\/types\/post"}],"author":[{"embeddable":true,"href":"https:\/\/raicesandaluzas.com\/revista\/wp-json\/wp\/v2\/users\/1"}],"replies":[{"embeddable":true,"href":"https:\/\/raicesandaluzas.com\/revista\/wp-json\/wp\/v2\/comments?post=1178"}],"version-history":[{"count":1,"href":"https:\/\/raicesandaluzas.com\/revista\/wp-json\/wp\/v2\/posts\/1178\/revisions"}],"predecessor-version":[{"id":1183,"href":"https:\/\/raicesandaluzas.com\/revista\/wp-json\/wp\/v2\/posts\/1178\/revisions\/1183"}],"wp:featuredmedia":[{"embeddable":true,"href":"https:\/\/raicesandaluzas.com\/revista\/wp-json\/wp\/v2\/media\/1182"}],"wp:attachment":[{"href":"https:\/\/raicesandaluzas.com\/revista\/wp-json\/wp\/v2\/media?parent=1178"}],"wp:term":[{"taxonomy":"category","embeddable":true,"href":"https:\/\/raicesandaluzas.com\/revista\/wp-json\/wp\/v2\/categories?post=1178"},{"taxonomy":"post_tag","embeddable":true,"href":"https:\/\/raicesandaluzas.com\/revista\/wp-json\/wp\/v2\/tags?post=1178"}],"curies":[{"name":"wp","href":"https:\/\/api.w.org\/{rel}","templated":true}]}}