{"id":1168,"date":"2023-03-08T18:44:31","date_gmt":"2023-03-08T18:44:31","guid":{"rendered":"https:\/\/raicesandaluzas.com\/revista\/?p=1168"},"modified":"2023-03-08T18:44:32","modified_gmt":"2023-03-08T18:44:32","slug":"la-fecac-celebra-la-tradicional-ofrenda-floral-a-blas-infante-y-su-jornada-de-convivencia","status":"publish","type":"post","link":"https:\/\/raicesandaluzas.com\/revista\/2023\/03\/08\/la-fecac-celebra-la-tradicional-ofrenda-floral-a-blas-infante-y-su-jornada-de-convivencia\/","title":{"rendered":"La FECAC celebra la tradicional ofrenda floral a Blas Infante y su jornada de convivencia"},"content":{"rendered":"\n<p>La Federaci\u00f3n de Entidades Culturales Andaluzas en Catalunya (FECAC) cerr\u00f3 este pasado fin de semana los actos conmemorativos por el D\u00eda de Andaluc\u00eda, que en este 2023 dedic\u00f3 a la provincia de C\u00e1diz. Tras la conferencia institucional en el Sal\u00f3 de Cent del Ayuntamiento de Barcelona a cargo del cantaor gaditano David Palomar, celebraron la tradicional ofrenda floral al busto de Blas Infante en el parque de la Guineueta de Barcelona. Representantes de las entidades que conforman la FECAC fueron depositando flores a los pies de la estatua para mostrar sus respetos al padre de la patria andaluza. <\/p>\n\n\n\n<p>Al d\u00eda siguiente, como viene siendo tambi\u00e9n habitual, celebraron la jornada de convivencia en el parque Els Bellots de Terrassa.<\/p>\n\n\n\n<figure class=\"wp-block-gallery has-nested-images columns-default is-cropped wp-block-gallery-1 is-layout-flex wp-block-gallery-is-layout-flex\">\n<figure class=\"wp-block-image size-large\"><a href=\"https:\/\/raicesandaluzas.com\/revista\/wp-content\/uploads\/2023\/03\/ofrendafloralFECAC08.jpg\"><img loading=\"lazy\" decoding=\"async\" width=\"1024\" height=\"931\" data-id=\"1174\" src=\"https:\/\/raicesandaluzas.com\/revista\/wp-content\/uploads\/2023\/03\/ofrendafloralFECAC08-1024x931.jpg\" alt=\"\" class=\"wp-image-1174\" srcset=\"https:\/\/raicesandaluzas.com\/revista\/wp-content\/uploads\/2023\/03\/ofrendafloralFECAC08-1024x931.jpg 1024w, https:\/\/raicesandaluzas.com\/revista\/wp-content\/uploads\/2023\/03\/ofrendafloralFECAC08-300x273.jpg 300w, https:\/\/raicesandaluzas.com\/revista\/wp-content\/uploads\/2023\/03\/ofrendafloralFECAC08-768x698.jpg 768w, https:\/\/raicesandaluzas.com\/revista\/wp-content\/uploads\/2023\/03\/ofrendafloralFECAC08-696x633.jpg 696w, https:\/\/raicesandaluzas.com\/revista\/wp-content\/uploads\/2023\/03\/ofrendafloralFECAC08-1068x971.jpg 1068w, https:\/\/raicesandaluzas.com\/revista\/wp-content\/uploads\/2023\/03\/ofrendafloralFECAC08-462x420.jpg 462w, https:\/\/raicesandaluzas.com\/revista\/wp-content\/uploads\/2023\/03\/ofrendafloralFECAC08.jpg 1200w\" sizes=\"auto, (max-width: 1024px) 100vw, 1024px\" \/><\/a><\/figure>\n\n\n\n<figure class=\"wp-block-image size-large\"><a href=\"https:\/\/raicesandaluzas.com\/revista\/wp-content\/uploads\/2023\/03\/ofrendafloralFECAC07.jpg\"><img loading=\"lazy\" decoding=\"async\" width=\"1024\" height=\"574\" data-id=\"1170\" src=\"https:\/\/raicesandaluzas.com\/revista\/wp-content\/uploads\/2023\/03\/ofrendafloralFECAC07-1024x574.jpg\" alt=\"\" class=\"wp-image-1170\" srcset=\"https:\/\/raicesandaluzas.com\/revista\/wp-content\/uploads\/2023\/03\/ofrendafloralFECAC07-1024x574.jpg 1024w, https:\/\/raicesandaluzas.com\/revista\/wp-content\/uploads\/2023\/03\/ofrendafloralFECAC07-300x168.jpg 300w, https:\/\/raicesandaluzas.com\/revista\/wp-content\/uploads\/2023\/03\/ofrendafloralFECAC07-768x431.jpg 768w, https:\/\/raicesandaluzas.com\/revista\/wp-content\/uploads\/2023\/03\/ofrendafloralFECAC07-696x390.jpg 696w, https:\/\/raicesandaluzas.com\/revista\/wp-content\/uploads\/2023\/03\/ofrendafloralFECAC07-1068x599.jpg 1068w, https:\/\/raicesandaluzas.com\/revista\/wp-content\/uploads\/2023\/03\/ofrendafloralFECAC07-749x420.jpg 749w, https:\/\/raicesandaluzas.com\/revista\/wp-content\/uploads\/2023\/03\/ofrendafloralFECAC07.jpg 1200w\" sizes=\"auto, (max-width: 1024px) 100vw, 1024px\" \/><\/a><\/figure>\n\n\n\n<figure class=\"wp-block-image size-large\"><a href=\"https:\/\/raicesandaluzas.com\/revista\/wp-content\/uploads\/2023\/03\/ofrendafloralFECAC06.jpg\"><img loading=\"lazy\" decoding=\"async\" width=\"1024\" height=\"574\" data-id=\"1172\" src=\"https:\/\/raicesandaluzas.com\/revista\/wp-content\/uploads\/2023\/03\/ofrendafloralFECAC06-1024x574.jpg\" alt=\"\" class=\"wp-image-1172\" srcset=\"https:\/\/raicesandaluzas.com\/revista\/wp-content\/uploads\/2023\/03\/ofrendafloralFECAC06-1024x574.jpg 1024w, https:\/\/raicesandaluzas.com\/revista\/wp-content\/uploads\/2023\/03\/ofrendafloralFECAC06-300x168.jpg 300w, https:\/\/raicesandaluzas.com\/revista\/wp-content\/uploads\/2023\/03\/ofrendafloralFECAC06-768x431.jpg 768w, https:\/\/raicesandaluzas.com\/revista\/wp-content\/uploads\/2023\/03\/ofrendafloralFECAC06-696x390.jpg 696w, https:\/\/raicesandaluzas.com\/revista\/wp-content\/uploads\/2023\/03\/ofrendafloralFECAC06-1068x599.jpg 1068w, https:\/\/raicesandaluzas.com\/revista\/wp-content\/uploads\/2023\/03\/ofrendafloralFECAC06-749x420.jpg 749w, https:\/\/raicesandaluzas.com\/revista\/wp-content\/uploads\/2023\/03\/ofrendafloralFECAC06.jpg 1200w\" sizes=\"auto, (max-width: 1024px) 100vw, 1024px\" \/><\/a><\/figure>\n\n\n\n<figure class=\"wp-block-image size-large\"><a href=\"https:\/\/raicesandaluzas.com\/revista\/wp-content\/uploads\/2023\/03\/ofrendafloralFECAC05.jpg\"><img loading=\"lazy\" decoding=\"async\" width=\"1024\" height=\"574\" data-id=\"1171\" src=\"https:\/\/raicesandaluzas.com\/revista\/wp-content\/uploads\/2023\/03\/ofrendafloralFECAC05-1024x574.jpg\" alt=\"\" class=\"wp-image-1171\" srcset=\"https:\/\/raicesandaluzas.com\/revista\/wp-content\/uploads\/2023\/03\/ofrendafloralFECAC05-1024x574.jpg 1024w, https:\/\/raicesandaluzas.com\/revista\/wp-content\/uploads\/2023\/03\/ofrendafloralFECAC05-300x168.jpg 300w, https:\/\/raicesandaluzas.com\/revista\/wp-content\/uploads\/2023\/03\/ofrendafloralFECAC05-768x431.jpg 768w, https:\/\/raicesandaluzas.com\/revista\/wp-content\/uploads\/2023\/03\/ofrendafloralFECAC05-696x390.jpg 696w, https:\/\/raicesandaluzas.com\/revista\/wp-content\/uploads\/2023\/03\/ofrendafloralFECAC05-1068x599.jpg 1068w, https:\/\/raicesandaluzas.com\/revista\/wp-content\/uploads\/2023\/03\/ofrendafloralFECAC05-749x420.jpg 749w, https:\/\/raicesandaluzas.com\/revista\/wp-content\/uploads\/2023\/03\/ofrendafloralFECAC05.jpg 1200w\" sizes=\"auto, (max-width: 1024px) 100vw, 1024px\" \/><\/a><\/figure>\n\n\n\n<figure class=\"wp-block-image size-large\"><a href=\"https:\/\/raicesandaluzas.com\/revista\/wp-content\/uploads\/2023\/03\/ofrendafloralFECAC03cercat.jpg\"><img loading=\"lazy\" decoding=\"async\" width=\"1024\" height=\"574\" data-id=\"1175\" src=\"https:\/\/raicesandaluzas.com\/revista\/wp-content\/uploads\/2023\/03\/ofrendafloralFECAC03cercat-1024x574.jpg\" alt=\"\" class=\"wp-image-1175\" srcset=\"https:\/\/raicesandaluzas.com\/revista\/wp-content\/uploads\/2023\/03\/ofrendafloralFECAC03cercat-1024x574.jpg 1024w, https:\/\/raicesandaluzas.com\/revista\/wp-content\/uploads\/2023\/03\/ofrendafloralFECAC03cercat-300x168.jpg 300w, https:\/\/raicesandaluzas.com\/revista\/wp-content\/uploads\/2023\/03\/ofrendafloralFECAC03cercat-768x431.jpg 768w, https:\/\/raicesandaluzas.com\/revista\/wp-content\/uploads\/2023\/03\/ofrendafloralFECAC03cercat-696x390.jpg 696w, https:\/\/raicesandaluzas.com\/revista\/wp-content\/uploads\/2023\/03\/ofrendafloralFECAC03cercat-1068x599.jpg 1068w, https:\/\/raicesandaluzas.com\/revista\/wp-content\/uploads\/2023\/03\/ofrendafloralFECAC03cercat-749x420.jpg 749w, https:\/\/raicesandaluzas.com\/revista\/wp-content\/uploads\/2023\/03\/ofrendafloralFECAC03cercat.jpg 1200w\" sizes=\"auto, (max-width: 1024px) 100vw, 1024px\" \/><\/a><\/figure>\n\n\n\n<figure class=\"wp-block-image size-large\"><a href=\"https:\/\/raicesandaluzas.com\/revista\/wp-content\/uploads\/2023\/03\/ofrendafloralFECAC02.jpg\"><img loading=\"lazy\" decoding=\"async\" width=\"1024\" height=\"574\" data-id=\"1169\" src=\"https:\/\/raicesandaluzas.com\/revista\/wp-content\/uploads\/2023\/03\/ofrendafloralFECAC02-1024x574.jpg\" alt=\"\" class=\"wp-image-1169\" srcset=\"https:\/\/raicesandaluzas.com\/revista\/wp-content\/uploads\/2023\/03\/ofrendafloralFECAC02-1024x574.jpg 1024w, https:\/\/raicesandaluzas.com\/revista\/wp-content\/uploads\/2023\/03\/ofrendafloralFECAC02-300x168.jpg 300w, https:\/\/raicesandaluzas.com\/revista\/wp-content\/uploads\/2023\/03\/ofrendafloralFECAC02-768x431.jpg 768w, https:\/\/raicesandaluzas.com\/revista\/wp-content\/uploads\/2023\/03\/ofrendafloralFECAC02-696x390.jpg 696w, https:\/\/raicesandaluzas.com\/revista\/wp-content\/uploads\/2023\/03\/ofrendafloralFECAC02-1068x599.jpg 1068w, https:\/\/raicesandaluzas.com\/revista\/wp-content\/uploads\/2023\/03\/ofrendafloralFECAC02-749x420.jpg 749w, https:\/\/raicesandaluzas.com\/revista\/wp-content\/uploads\/2023\/03\/ofrendafloralFECAC02.jpg 1200w\" sizes=\"auto, (max-width: 1024px) 100vw, 1024px\" \/><\/a><\/figure>\n<\/figure>\n","protected":false},"excerpt":{"rendered":"<p>La Federaci\u00f3n de Entidades Culturales Andaluzas en Catalunya (FECAC) cerr\u00f3 este pasado fin de semana los actos conmemorativos por el D\u00eda de Andaluc\u00eda, que en este 2023 dedic\u00f3 a la provincia de C\u00e1diz. Tras la conferencia institucional en el Sal\u00f3 de Cent del Ayuntamiento de Barcelona a cargo del cantaor gaditano David Palomar, celebraron la [&hellip;]<\/p>\n","protected":false},"author":1,"featured_media":1176,"comment_status":"open","ping_status":"open","sticky":false,"template":"","format":"standard","meta":{"footnotes":""},"categories":[19],"tags":[],"class_list":{"0":"post-1168","1":"post","2":"type-post","3":"status-publish","4":"format-standard","5":"has-post-thumbnail","7":"category-actualidad"},"_links":{"self":[{"href":"https:\/\/raicesandaluzas.com\/revista\/wp-json\/wp\/v2\/posts\/1168","targetHints":{"allow":["GET"]}}],"collection":[{"href":"https:\/\/raicesandaluzas.com\/revista\/wp-json\/wp\/v2\/posts"}],"about":[{"href":"https:\/\/raicesandaluzas.com\/revista\/wp-json\/wp\/v2\/types\/post"}],"author":[{"embeddable":true,"href":"https:\/\/raicesandaluzas.com\/revista\/wp-json\/wp\/v2\/users\/1"}],"replies":[{"embeddable":true,"href":"https:\/\/raicesandaluzas.com\/revista\/wp-json\/wp\/v2\/comments?post=1168"}],"version-history":[{"count":1,"href":"https:\/\/raicesandaluzas.com\/revista\/wp-json\/wp\/v2\/posts\/1168\/revisions"}],"predecessor-version":[{"id":1177,"href":"https:\/\/raicesandaluzas.com\/revista\/wp-json\/wp\/v2\/posts\/1168\/revisions\/1177"}],"wp:featuredmedia":[{"embeddable":true,"href":"https:\/\/raicesandaluzas.com\/revista\/wp-json\/wp\/v2\/media\/1176"}],"wp:attachment":[{"href":"https:\/\/raicesandaluzas.com\/revista\/wp-json\/wp\/v2\/media?parent=1168"}],"wp:term":[{"taxonomy":"category","embeddable":true,"href":"https:\/\/raicesandaluzas.com\/revista\/wp-json\/wp\/v2\/categories?post=1168"},{"taxonomy":"post_tag","embeddable":true,"href":"https:\/\/raicesandaluzas.com\/revista\/wp-json\/wp\/v2\/tags?post=1168"}],"curies":[{"name":"wp","href":"https:\/\/api.w.org\/{rel}","templated":true}]}}