{"id":1163,"date":"2023-03-08T17:58:30","date_gmt":"2023-03-08T17:58:30","guid":{"rendered":"https:\/\/raicesandaluzas.com\/revista\/?p=1163"},"modified":"2023-03-08T18:30:26","modified_gmt":"2023-03-08T18:30:26","slug":"la-fac-entrega-sus-premios-2023","status":"publish","type":"post","link":"https:\/\/raicesandaluzas.com\/revista\/2023\/03\/08\/la-fac-entrega-sus-premios-2023\/","title":{"rendered":"La FAC entrega sus Premios 2023"},"content":{"rendered":"\n<p>Este pasado s\u00e1bado, el Espai Francesca Bonnemaison de Barcelona acogi\u00f3 la entrega de los Premios FAC 2023 en la que se vivi\u00f3 un sentido homenaje a la memoria del presidente y fundador de la federaci\u00f3n, Miguel Monta\u00f1o, fallecido el a\u00f1o pasado. Su mujer recibi\u00f3 el premio a la trayectoria cultural a t\u00edtulo p\u00f3stumo en reconocimiento a la labor y contribuci\u00f3n para conseguir un efecto transformador, positivo y cuantificable en el colectivo cultural andaluz contribuyendo a lograr la igualdad de oportunidades. <\/p>\n\n\n\n<p>La directora de la revista Ra\u00edces Andaluzas, Montse S\u00e1ez, recibi\u00f3 el premio Medios de Comunicaci\u00f3n, en reconocimiento a su labor investigadora e informativa sobre la actualidad de las entidades andaluzas en Catalunya. Por un problema familiar no pudo asistir a la entrega de premios, y recogi\u00f3 el galard\u00f3n en su nombre Jos\u00e9 Mar\u00eda Pulido, gerente-editor de la revista  <\/p>\n\n\n\n<p>En resto de premiados en esta edici\u00f3n fueron Sandra Torres, directora del Centro de Estudios Rocieros y Cultura Andaluza en Catalunya (CERCAT), premio al trabajo asociativo andaluz; la Asociaci\u00f3n Cultural Andaluza de Tona y Balenya, premio a la Comunidad Andaluza; Francisco Garc\u00eda Ram\u00edrez, premio a la Creaci\u00f3n Art\u00edstica; Centro de Personas con discapacidad F\u00edsica CEMFIS, premio a la labor social; Patricia Aliu, premio de Periodismo; Ignasi Gim\u00e9nez Renom, alcalde de Castellar del Vall\u00e8s, premio Colaboraci\u00f3n; Rosario Alarc\u00f3n Ma\u00f1as, coordinadora del Instituto Andaluz de la Mujer de C\u00f3rdoba y Provincia de la Junta de Andaluc\u00eda, premio Institucional. <\/p>\n\n\n\n<p>En este <a href=\"https:\/\/federacionandaluzadecomunidades.org\/fac\/premiso-fac-2023\/\">enlace<\/a> se pueden disfrutar todas las im\u00e1genes del acto.<\/p>\n","protected":false},"excerpt":{"rendered":"<p>Este pasado s\u00e1bado, el Espai Francesca Bonnemaison de Barcelona acogi\u00f3 la entrega de los Premios FAC 2023 en la que se vivi\u00f3 un sentido homenaje a la memoria del presidente y fundador de la federaci\u00f3n, Miguel Monta\u00f1o, fallecido el a\u00f1o pasado. Su mujer recibi\u00f3 el premio a la trayectoria cultural a t\u00edtulo p\u00f3stumo en reconocimiento [&hellip;]<\/p>\n","protected":false},"author":1,"featured_media":1164,"comment_status":"open","ping_status":"open","sticky":false,"template":"","format":"standard","meta":{"footnotes":""},"categories":[19],"tags":[],"class_list":{"0":"post-1163","1":"post","2":"type-post","3":"status-publish","4":"format-standard","5":"has-post-thumbnail","7":"category-actualidad"},"_links":{"self":[{"href":"https:\/\/raicesandaluzas.com\/revista\/wp-json\/wp\/v2\/posts\/1163","targetHints":{"allow":["GET"]}}],"collection":[{"href":"https:\/\/raicesandaluzas.com\/revista\/wp-json\/wp\/v2\/posts"}],"about":[{"href":"https:\/\/raicesandaluzas.com\/revista\/wp-json\/wp\/v2\/types\/post"}],"author":[{"embeddable":true,"href":"https:\/\/raicesandaluzas.com\/revista\/wp-json\/wp\/v2\/users\/1"}],"replies":[{"embeddable":true,"href":"https:\/\/raicesandaluzas.com\/revista\/wp-json\/wp\/v2\/comments?post=1163"}],"version-history":[{"count":2,"href":"https:\/\/raicesandaluzas.com\/revista\/wp-json\/wp\/v2\/posts\/1163\/revisions"}],"predecessor-version":[{"id":1167,"href":"https:\/\/raicesandaluzas.com\/revista\/wp-json\/wp\/v2\/posts\/1163\/revisions\/1167"}],"wp:featuredmedia":[{"embeddable":true,"href":"https:\/\/raicesandaluzas.com\/revista\/wp-json\/wp\/v2\/media\/1164"}],"wp:attachment":[{"href":"https:\/\/raicesandaluzas.com\/revista\/wp-json\/wp\/v2\/media?parent=1163"}],"wp:term":[{"taxonomy":"category","embeddable":true,"href":"https:\/\/raicesandaluzas.com\/revista\/wp-json\/wp\/v2\/categories?post=1163"},{"taxonomy":"post_tag","embeddable":true,"href":"https:\/\/raicesandaluzas.com\/revista\/wp-json\/wp\/v2\/tags?post=1163"}],"curies":[{"name":"wp","href":"https:\/\/api.w.org\/{rel}","templated":true}]}}