{"id":1160,"date":"2023-03-07T17:50:33","date_gmt":"2023-03-07T17:50:33","guid":{"rendered":"https:\/\/raicesandaluzas.com\/revista\/?p=1160"},"modified":"2023-03-08T17:54:15","modified_gmt":"2023-03-08T17:54:15","slug":"la-fac-celebra-el-dia-de-la-mujer","status":"publish","type":"post","link":"https:\/\/raicesandaluzas.com\/revista\/2023\/03\/07\/la-fac-celebra-el-dia-de-la-mujer\/","title":{"rendered":"La FAC celebra el D\u00eda de la Mujer"},"content":{"rendered":"\n<p>Este pasado viernes, 3 de marzo, la Federaci\u00f3n Andaluza de Comunidades (FAC) ofreci\u00f3 una conferencia por el D\u00eda de la Mujer a cargo de Rosario Alarc\u00f3n Ma\u00f1as, coordinadora del Instituto Andaluz de la Mujer de C\u00f3rdoba y Provincia de la Junta de Andaluc\u00eda. El acto tuvo lugar en la Casa de cultura Masia Can Cort\u00e8s de Palau-solit\u00e0 i Plegamans, que se llen\u00f3 para la ocasi\u00f3n. <\/p>\n\n\n\n<p>En el siguiente <a href=\"https:\/\/federacionandaluzadecomunidades.org\/fac\/dia-de-la-mujer-2023\/\">enlace<\/a> se pueden consultar todas las fotograf\u00edas del acto.<\/p>\n","protected":false},"excerpt":{"rendered":"<p>Este pasado viernes, 3 de marzo, la Federaci\u00f3n Andaluza de Comunidades (FAC) ofreci\u00f3 una conferencia por el D\u00eda de la Mujer a cargo de Rosario Alarc\u00f3n Ma\u00f1as, coordinadora del Instituto Andaluz de la Mujer de C\u00f3rdoba y Provincia de la Junta de Andaluc\u00eda. El acto tuvo lugar en la Casa de cultura Masia Can Cort\u00e8s [&hellip;]<\/p>\n","protected":false},"author":1,"featured_media":1161,"comment_status":"open","ping_status":"open","sticky":false,"template":"","format":"standard","meta":{"footnotes":""},"categories":[19],"tags":[],"class_list":{"0":"post-1160","1":"post","2":"type-post","3":"status-publish","4":"format-standard","5":"has-post-thumbnail","7":"category-actualidad"},"_links":{"self":[{"href":"https:\/\/raicesandaluzas.com\/revista\/wp-json\/wp\/v2\/posts\/1160","targetHints":{"allow":["GET"]}}],"collection":[{"href":"https:\/\/raicesandaluzas.com\/revista\/wp-json\/wp\/v2\/posts"}],"about":[{"href":"https:\/\/raicesandaluzas.com\/revista\/wp-json\/wp\/v2\/types\/post"}],"author":[{"embeddable":true,"href":"https:\/\/raicesandaluzas.com\/revista\/wp-json\/wp\/v2\/users\/1"}],"replies":[{"embeddable":true,"href":"https:\/\/raicesandaluzas.com\/revista\/wp-json\/wp\/v2\/comments?post=1160"}],"version-history":[{"count":1,"href":"https:\/\/raicesandaluzas.com\/revista\/wp-json\/wp\/v2\/posts\/1160\/revisions"}],"predecessor-version":[{"id":1162,"href":"https:\/\/raicesandaluzas.com\/revista\/wp-json\/wp\/v2\/posts\/1160\/revisions\/1162"}],"wp:featuredmedia":[{"embeddable":true,"href":"https:\/\/raicesandaluzas.com\/revista\/wp-json\/wp\/v2\/media\/1161"}],"wp:attachment":[{"href":"https:\/\/raicesandaluzas.com\/revista\/wp-json\/wp\/v2\/media?parent=1160"}],"wp:term":[{"taxonomy":"category","embeddable":true,"href":"https:\/\/raicesandaluzas.com\/revista\/wp-json\/wp\/v2\/categories?post=1160"},{"taxonomy":"post_tag","embeddable":true,"href":"https:\/\/raicesandaluzas.com\/revista\/wp-json\/wp\/v2\/tags?post=1160"}],"curies":[{"name":"wp","href":"https:\/\/api.w.org\/{rel}","templated":true}]}}