{"id":1153,"date":"2023-03-08T15:34:50","date_gmt":"2023-03-08T15:34:50","guid":{"rendered":"https:\/\/raicesandaluzas.com\/revista\/?p=1153"},"modified":"2023-03-08T15:36:54","modified_gmt":"2023-03-08T15:36:54","slug":"la-hermandad-matriz-de-almonte-participara-en-elencuentro-cuaresmal-de-las-hermandades-filiales-decataluna","status":"publish","type":"post","link":"https:\/\/raicesandaluzas.com\/revista\/2023\/03\/08\/la-hermandad-matriz-de-almonte-participara-en-elencuentro-cuaresmal-de-las-hermandades-filiales-decataluna\/","title":{"rendered":"La Hermandad Matriz de Almonte participar\u00e1 en el Encuentro Cuaresmal de las Hermandades filiales de Catalu\u00f1a"},"content":{"rendered":"\n<p>El domingo 19 de marzo, la Hermandad de Nuestra Se\u00f1ora del Roc\u00edo de Barcelona organiza el Encuentro Cuaresmal que reunir\u00e1 a las Hermandades filiales de Catalu\u00f1a, como son la Hdad. Ntra. Sra del Roc\u00edo de Cornell\u00e0, la Hdad. Ntra. Sra. del Roc\u00edo de Sabadell y a nuestra ahijada, la Hdad. Ntra. Sra. del Roc\u00edo de la Comarca del Garraf.<br>El acto contar\u00e1 con la presencia del presidente de la Hdad. Matriz de Almonte, Santiago Padilla y miembros de su Junta Directiva. La eucarist\u00eda ser\u00e1 celebrada por el director espiritual de la filial, Mn.Adilson, y concelebrada con el rector de la Bas\u00edlica de la Merc\u00e8, Mn. Ferm\u00edn Delgado.<br>Durante la celebraci\u00f3n veremos juntos por primera vez los cuatro Simpecados de las Hermandades Catalanas.<\/p>\n","protected":false},"excerpt":{"rendered":"<p>El domingo 19 de marzo, la Hermandad de Nuestra Se\u00f1ora del Roc\u00edo de Barcelona organiza el Encuentro Cuaresmal que reunir\u00e1 a las Hermandades filiales de Catalu\u00f1a, como son la Hdad. Ntra. Sra del Roc\u00edo de Cornell\u00e0, la Hdad. Ntra. Sra. del Roc\u00edo de Sabadell y a nuestra ahijada, la Hdad. Ntra. Sra. del Roc\u00edo de [&hellip;]<\/p>\n","protected":false},"author":1,"featured_media":1154,"comment_status":"open","ping_status":"open","sticky":false,"template":"","format":"standard","meta":{"footnotes":""},"categories":[19,21],"tags":[],"class_list":{"0":"post-1153","1":"post","2":"type-post","3":"status-publish","4":"format-standard","5":"has-post-thumbnail","7":"category-actualidad","8":"category-raices-rocieras"},"_links":{"self":[{"href":"https:\/\/raicesandaluzas.com\/revista\/wp-json\/wp\/v2\/posts\/1153","targetHints":{"allow":["GET"]}}],"collection":[{"href":"https:\/\/raicesandaluzas.com\/revista\/wp-json\/wp\/v2\/posts"}],"about":[{"href":"https:\/\/raicesandaluzas.com\/revista\/wp-json\/wp\/v2\/types\/post"}],"author":[{"embeddable":true,"href":"https:\/\/raicesandaluzas.com\/revista\/wp-json\/wp\/v2\/users\/1"}],"replies":[{"embeddable":true,"href":"https:\/\/raicesandaluzas.com\/revista\/wp-json\/wp\/v2\/comments?post=1153"}],"version-history":[{"count":2,"href":"https:\/\/raicesandaluzas.com\/revista\/wp-json\/wp\/v2\/posts\/1153\/revisions"}],"predecessor-version":[{"id":1156,"href":"https:\/\/raicesandaluzas.com\/revista\/wp-json\/wp\/v2\/posts\/1153\/revisions\/1156"}],"wp:featuredmedia":[{"embeddable":true,"href":"https:\/\/raicesandaluzas.com\/revista\/wp-json\/wp\/v2\/media\/1154"}],"wp:attachment":[{"href":"https:\/\/raicesandaluzas.com\/revista\/wp-json\/wp\/v2\/media?parent=1153"}],"wp:term":[{"taxonomy":"category","embeddable":true,"href":"https:\/\/raicesandaluzas.com\/revista\/wp-json\/wp\/v2\/categories?post=1153"},{"taxonomy":"post_tag","embeddable":true,"href":"https:\/\/raicesandaluzas.com\/revista\/wp-json\/wp\/v2\/tags?post=1153"}],"curies":[{"name":"wp","href":"https:\/\/api.w.org\/{rel}","templated":true}]}}