{"id":1149,"date":"2023-03-07T10:44:24","date_gmt":"2023-03-07T10:44:24","guid":{"rendered":"https:\/\/raicesandaluzas.com\/revista\/?p=1149"},"modified":"2023-03-07T10:44:25","modified_gmt":"2023-03-07T10:44:25","slug":"teresa-m-comellas-sera-la-pregonera-de-semana-santa-del-consejo-general-de-hermandades-y-cofradias-de-la-archidiocesis-de-barcelona","status":"publish","type":"post","link":"https:\/\/raicesandaluzas.com\/revista\/2023\/03\/07\/teresa-m-comellas-sera-la-pregonera-de-semana-santa-del-consejo-general-de-hermandades-y-cofradias-de-la-archidiocesis-de-barcelona\/","title":{"rendered":"Teresa M. Comellas ser\u00e1 la pregonera de Semana Santa del Consejo General de Hermandades y Cofrad\u00edas de la Archidi\u00f3cesis de Barcelona"},"content":{"rendered":"\n<p>Este pr\u00f3ximo s\u00e1bado, 11 de marzo, a partir de las 17 horas, tendr\u00e1 lugar en la parroquia de Sant Agust\u00ed el preg\u00f3n de Semana Santa del Consejo General de Hermandades y Cofrad\u00edas de la Archidi\u00f3cesis de Barcelona, que ir\u00e1 a cargo de Teresa M. Comellas, vicepresidenta del consejo.<\/p>\n\n\n\n<p>El acompa\u00f1amiento musical ir\u00e1 a cargo de la Unidad de M\u00fasica de la Inspecci\u00f3 General del Ej\u00e9rcito, bajo la batuta del teniente-director m\u00fasico Juan Bautista Tortosa. A continuaci\u00f3n se llevar\u00e1 a cabo la entrega del cartel oficial de Semana Santa de Barcelona 2023 a Khalid Ghali, comisionado de di\u00e1logo intercultural y pluralismo religioso del Ayuntamiento de Barcelona. Adem\u00e1s, se entregar\u00e1n loa premios Inmaculada 2023, otorgados por el Consejo General de Hermandades y Cofrad\u00edas.   <\/p>\n","protected":false},"excerpt":{"rendered":"<p>Este pr\u00f3ximo s\u00e1bado, 11 de marzo, a partir de las 17 horas, tendr\u00e1 lugar en la parroquia de Sant Agust\u00ed el preg\u00f3n de Semana Santa del Consejo General de Hermandades y Cofrad\u00edas de la Archidi\u00f3cesis de Barcelona, que ir\u00e1 a cargo de Teresa M. Comellas, vicepresidenta del consejo. El acompa\u00f1amiento musical ir\u00e1 a cargo de [&hellip;]<\/p>\n","protected":false},"author":1,"featured_media":1150,"comment_status":"open","ping_status":"open","sticky":false,"template":"","format":"standard","meta":{"footnotes":""},"categories":[19],"tags":[],"class_list":{"0":"post-1149","1":"post","2":"type-post","3":"status-publish","4":"format-standard","5":"has-post-thumbnail","7":"category-actualidad"},"_links":{"self":[{"href":"https:\/\/raicesandaluzas.com\/revista\/wp-json\/wp\/v2\/posts\/1149","targetHints":{"allow":["GET"]}}],"collection":[{"href":"https:\/\/raicesandaluzas.com\/revista\/wp-json\/wp\/v2\/posts"}],"about":[{"href":"https:\/\/raicesandaluzas.com\/revista\/wp-json\/wp\/v2\/types\/post"}],"author":[{"embeddable":true,"href":"https:\/\/raicesandaluzas.com\/revista\/wp-json\/wp\/v2\/users\/1"}],"replies":[{"embeddable":true,"href":"https:\/\/raicesandaluzas.com\/revista\/wp-json\/wp\/v2\/comments?post=1149"}],"version-history":[{"count":1,"href":"https:\/\/raicesandaluzas.com\/revista\/wp-json\/wp\/v2\/posts\/1149\/revisions"}],"predecessor-version":[{"id":1151,"href":"https:\/\/raicesandaluzas.com\/revista\/wp-json\/wp\/v2\/posts\/1149\/revisions\/1151"}],"wp:featuredmedia":[{"embeddable":true,"href":"https:\/\/raicesandaluzas.com\/revista\/wp-json\/wp\/v2\/media\/1150"}],"wp:attachment":[{"href":"https:\/\/raicesandaluzas.com\/revista\/wp-json\/wp\/v2\/media?parent=1149"}],"wp:term":[{"taxonomy":"category","embeddable":true,"href":"https:\/\/raicesandaluzas.com\/revista\/wp-json\/wp\/v2\/categories?post=1149"},{"taxonomy":"post_tag","embeddable":true,"href":"https:\/\/raicesandaluzas.com\/revista\/wp-json\/wp\/v2\/tags?post=1149"}],"curies":[{"name":"wp","href":"https:\/\/api.w.org\/{rel}","templated":true}]}}