{"id":1146,"date":"2023-03-05T09:59:35","date_gmt":"2023-03-05T09:59:35","guid":{"rendered":"https:\/\/raicesandaluzas.com\/revista\/?p=1146"},"modified":"2023-03-07T10:00:46","modified_gmt":"2023-03-07T10:00:46","slug":"153-poblaciones-catalanas-celebran-el-dia-de-andalucia","status":"publish","type":"post","link":"https:\/\/raicesandaluzas.com\/revista\/2023\/03\/05\/153-poblaciones-catalanas-celebran-el-dia-de-andalucia\/","title":{"rendered":"<strong>153 poblaciones catalanas celebran el D\u00eda de Andaluc\u00eda<\/strong>"},"content":{"rendered":"\n<p>La <strong>Jornada de Convivencia<\/strong> en el parque Els Bellots de Terrassa cierra hoy las XXXIX jornadas conmemorativas del D\u00eda de Andaluc\u00eda en Catalu\u00f1a organizadas por la Federaci\u00f3n de Entidades Culturales Andaluzas en Catalunya (FECAC) y que este a\u00f1o se han dedicado a la provincia de C\u00e1diz.<\/p>\n\n\n\n<p>La junta directiva de la FECAC y las entidades asociadas, junto con las autoridades como el concejal Xavier Marc\u00e9 y el subdelegado del gobierno, Carles Prieto, hicieron ayer tarde la <strong>ofrenda floral<\/strong> en el monolito de Blas Infante, considerado el padre de la patria andaluza, en el parque de la Guineueta, en Barcelona. &nbsp;La fiesta se complet\u00f3 con las actuaciones del ballet de la FECAC y del grupo \u2018Menos es m\u00e1s\u2019.<\/p>\n\n\n\n<p>El presidente de la FECAC, Daniel Salinero, ha destacado que \u201cen Catalu\u00f1a se celebra m\u00e1s que en Andaluc\u00eda porque hemos estado tres semanas con actos\u201d. Adem\u00e1s, 153 poblaciones catalanas, con la participaci\u00f3n de entidades culturales, realizan alg\u00fan tipo de actividad de celebraci\u00f3n del 28 de febrero, d\u00eda en que Andaluc\u00eda conmemora la consecuci\u00f3n de su Estatuto de Autonom\u00eda.<\/p>\n\n\n\n<p>La FECAC afronta este a\u00f1o 2023 diversos retos importantes. Entre otros, la celebraci\u00f3n de la edici\u00f3n n\u00famero 50 tanto de la <strong>Feria de Abril de Catalunya<\/strong>, del 21 de abril al 1 de mayo en el Parc del F\u00f2rum, como de la <strong>romer\u00eda del Roc\u00edo<\/strong> en Terrassa a finales de mayo. Adem\u00e1s, tambi\u00e9n se celebrar\u00e1 en noviembre la final del <strong>Concurso Nacional de Cante Yunque Flamenco<\/strong>.<\/p>\n","protected":false},"excerpt":{"rendered":"<p>La Jornada de Convivencia en el parque Els Bellots de Terrassa cierra hoy las XXXIX jornadas conmemorativas del D\u00eda de Andaluc\u00eda en Catalu\u00f1a organizadas por la Federaci\u00f3n de Entidades Culturales Andaluzas en Catalunya (FECAC) y que este a\u00f1o se han dedicado a la provincia de C\u00e1diz. La junta directiva de la FECAC y las entidades [&hellip;]<\/p>\n","protected":false},"author":1,"featured_media":1147,"comment_status":"open","ping_status":"open","sticky":false,"template":"","format":"standard","meta":{"footnotes":""},"categories":[19],"tags":[],"class_list":{"0":"post-1146","1":"post","2":"type-post","3":"status-publish","4":"format-standard","5":"has-post-thumbnail","7":"category-actualidad"},"_links":{"self":[{"href":"https:\/\/raicesandaluzas.com\/revista\/wp-json\/wp\/v2\/posts\/1146","targetHints":{"allow":["GET"]}}],"collection":[{"href":"https:\/\/raicesandaluzas.com\/revista\/wp-json\/wp\/v2\/posts"}],"about":[{"href":"https:\/\/raicesandaluzas.com\/revista\/wp-json\/wp\/v2\/types\/post"}],"author":[{"embeddable":true,"href":"https:\/\/raicesandaluzas.com\/revista\/wp-json\/wp\/v2\/users\/1"}],"replies":[{"embeddable":true,"href":"https:\/\/raicesandaluzas.com\/revista\/wp-json\/wp\/v2\/comments?post=1146"}],"version-history":[{"count":1,"href":"https:\/\/raicesandaluzas.com\/revista\/wp-json\/wp\/v2\/posts\/1146\/revisions"}],"predecessor-version":[{"id":1148,"href":"https:\/\/raicesandaluzas.com\/revista\/wp-json\/wp\/v2\/posts\/1146\/revisions\/1148"}],"wp:featuredmedia":[{"embeddable":true,"href":"https:\/\/raicesandaluzas.com\/revista\/wp-json\/wp\/v2\/media\/1147"}],"wp:attachment":[{"href":"https:\/\/raicesandaluzas.com\/revista\/wp-json\/wp\/v2\/media?parent=1146"}],"wp:term":[{"taxonomy":"category","embeddable":true,"href":"https:\/\/raicesandaluzas.com\/revista\/wp-json\/wp\/v2\/categories?post=1146"},{"taxonomy":"post_tag","embeddable":true,"href":"https:\/\/raicesandaluzas.com\/revista\/wp-json\/wp\/v2\/tags?post=1146"}],"curies":[{"name":"wp","href":"https:\/\/api.w.org\/{rel}","templated":true}]}}