{"id":1114,"date":"2023-02-16T19:46:00","date_gmt":"2023-02-16T19:46:00","guid":{"rendered":"https:\/\/raicesandaluzas.com\/revista\/?p=1114"},"modified":"2023-02-17T09:50:58","modified_gmt":"2023-02-17T09:50:58","slug":"tauromagia-de-manolo-sanlucar-abrira-manana-el-festival-flamenc-on-de-santa-coloma-de-gramenet","status":"publish","type":"post","link":"https:\/\/raicesandaluzas.com\/revista\/2023\/02\/16\/tauromagia-de-manolo-sanlucar-abrira-manana-el-festival-flamenc-on-de-santa-coloma-de-gramenet\/","title":{"rendered":"<strong>\u2018Tauromagia\u2019 de Manolo Sanl\u00facar abre el Festival Flamenc-ON de Santa Coloma de Gramenet<\/strong>"},"content":{"rendered":"\n<p>La obra de danza flamenca \u2018Tauromagia\u2019 de Manolo Sanl\u00facar abrir\u00e1 ma\u00f1ana viernes, 17 de febrero, el Festival Flamenc-On que se desarrollar\u00e1 en Santa Coloma de Gramenet hasta el 25 de marzo.<\/p>\n\n\n\n<p>La representaci\u00f3n tendr\u00e1 lugar a las siete de la tarde en el Teatre Sagarra (calle President Companys, 27) y servir\u00e1 de inauguraci\u00f3n de la cuarta edici\u00f3n de este festival organizado por la Fundaci\u00f3n Manolo Sanl\u00facar Aura Seguros y que ya forma parte del elenco de festivales de flamenco considerados de referencia en el sector.<\/p>\n\n\n\n<p>De la mano de la compa\u00f1\u00eda de Mercedes Ruiz y direcci\u00f3n musical de Santiago Lara, \u2019Tauromagia\u2019 presenta una coreograf\u00eda y una puesta en escena \u00fanicas, con David Lagos como artista invitado.<\/p>\n\n\n\n<p>El maestro de la guitarra Manolo Sanl\u00facar, fallecido en agosto pasado, compuso \u2018Tauromagia\u2019 en 1988 y es considerado desde entonces como uno de los mejores \u00e1lbumes de flamenco de la historia.<\/p>\n\n\n\n<p>Antes del espect\u00e1culo tendr\u00e1 lugar la presentaci\u00f3n de la programaci\u00f3n del Festival. En nombre de la organizaci\u00f3n intervendr\u00e1n el presidente de la Fundaci\u00f3n Manolo Sanl\u00facar Aura Seguros, Jos\u00e9 Mart\u00ednez Talavera, y Jos\u00e9 Mar\u00eda Parra, patrono de la misma. Cerrar\u00e1 el acto la alcaldesa de Santa Coloma de Gramenet, Nuria Parl\u00f3n.<\/p>\n\n\n\n<p>Programa y otros detalles del Festival: <a href=\"https:\/\/www.flamencon.es\" target=\"_blank\" rel=\"noreferrer noopener\">https:\/\/www.flamencon.es<\/a><\/p>\n","protected":false},"excerpt":{"rendered":"<p>La obra de danza flamenca \u2018Tauromagia\u2019 de Manolo Sanl\u00facar abrir\u00e1 ma\u00f1ana viernes, 17 de febrero, el Festival Flamenc-On que se desarrollar\u00e1 en Santa Coloma de Gramenet hasta el 25 de marzo. La representaci\u00f3n tendr\u00e1 lugar a las siete de la tarde en el Teatre Sagarra (calle President Companys, 27) y servir\u00e1 de inauguraci\u00f3n de la [&hellip;]<\/p>\n","protected":false},"author":1,"featured_media":1115,"comment_status":"open","ping_status":"open","sticky":false,"template":"","format":"standard","meta":{"footnotes":""},"categories":[19,22],"tags":[],"class_list":{"0":"post-1114","1":"post","2":"type-post","3":"status-publish","4":"format-standard","5":"has-post-thumbnail","7":"category-actualidad","8":"category-flamenco"},"_links":{"self":[{"href":"https:\/\/raicesandaluzas.com\/revista\/wp-json\/wp\/v2\/posts\/1114","targetHints":{"allow":["GET"]}}],"collection":[{"href":"https:\/\/raicesandaluzas.com\/revista\/wp-json\/wp\/v2\/posts"}],"about":[{"href":"https:\/\/raicesandaluzas.com\/revista\/wp-json\/wp\/v2\/types\/post"}],"author":[{"embeddable":true,"href":"https:\/\/raicesandaluzas.com\/revista\/wp-json\/wp\/v2\/users\/1"}],"replies":[{"embeddable":true,"href":"https:\/\/raicesandaluzas.com\/revista\/wp-json\/wp\/v2\/comments?post=1114"}],"version-history":[{"count":2,"href":"https:\/\/raicesandaluzas.com\/revista\/wp-json\/wp\/v2\/posts\/1114\/revisions"}],"predecessor-version":[{"id":1117,"href":"https:\/\/raicesandaluzas.com\/revista\/wp-json\/wp\/v2\/posts\/1114\/revisions\/1117"}],"wp:featuredmedia":[{"embeddable":true,"href":"https:\/\/raicesandaluzas.com\/revista\/wp-json\/wp\/v2\/media\/1115"}],"wp:attachment":[{"href":"https:\/\/raicesandaluzas.com\/revista\/wp-json\/wp\/v2\/media?parent=1114"}],"wp:term":[{"taxonomy":"category","embeddable":true,"href":"https:\/\/raicesandaluzas.com\/revista\/wp-json\/wp\/v2\/categories?post=1114"},{"taxonomy":"post_tag","embeddable":true,"href":"https:\/\/raicesandaluzas.com\/revista\/wp-json\/wp\/v2\/tags?post=1114"}],"curies":[{"name":"wp","href":"https:\/\/api.w.org\/{rel}","templated":true}]}}