{"id":1111,"date":"2023-02-16T09:39:30","date_gmt":"2023-02-16T09:39:30","guid":{"rendered":"https:\/\/raicesandaluzas.com\/revista\/?p=1111"},"modified":"2023-02-16T09:39:31","modified_gmt":"2023-02-16T09:39:31","slug":"la-fecac-dedica-los-actos-del-dia-de-andalucia-a-la-provincia-de-cadiz","status":"publish","type":"post","link":"https:\/\/raicesandaluzas.com\/revista\/2023\/02\/16\/la-fecac-dedica-los-actos-del-dia-de-andalucia-a-la-provincia-de-cadiz\/","title":{"rendered":"<strong>La FECAC dedica los actos del D\u00eda de Andaluc\u00eda a la provincia de C\u00e1diz<\/strong>"},"content":{"rendered":"\n<p>La Federaci\u00f3n de Entidades Culturales Andaluzas en Catalu\u00f1a (FECAC) dedica la edici\u00f3n n\u00famero 39 de las <strong>Jornadas Conmemorativas del D\u00eda de Andaluc\u00eda<\/strong> en Catalu\u00f1a a la provincia de C\u00e1diz. Los diversos actos institucionales, culturales y recreativos se iniciaron el pasado fin de semana y se prolongar\u00e1n hasta el domingo 5 de marzo.<\/p>\n\n\n\n<p>El cartel, dise\u00f1ado por Tony Sotomayor y Sergio Guerrero, rinde homenaje precisamente a cuatro artistas legendarios de la provincia gaditana ya desaparecidos: Camar\u00f3n de la Isla (San Fernando), Lola Flores (Jerez de la Frontera), Paco de Luc\u00eda (Algeciras) y Roc\u00edo Jurado (Chipiona)<\/p>\n\n\n\n<p>La <strong>presentaci\u00f3n del programa de actos <\/strong>y del<strong> cartel<\/strong> fue el pasado domingo en Pineda de Mar en el marco del Seminario anual de la FECAC que ha reunido en Santa Susanna a directivos y representantes de las entidades afiliadas. En un acto celebrado en el Ayuntamiento de aquella localidad del Maresme, presidido por su alcalde, Xavier Amor, y el presidente de la FECAC, Daniel Salinero, participaron tambi\u00e9n dos entidades locales miembros de la Federaci\u00f3n, la Hermandad Nuestra Se\u00f1ora del Roc\u00edo de Pineda y la Cofrad\u00eda Poblenou.<\/p>\n\n\n\n<p>La tradicional <strong>conferencia institucional<\/strong> del D\u00eda de Andaluc\u00eda tendr\u00e1 como protagonista este a\u00f1o al \u2018cantaor\u2019 flamenco David Palomar. El acto, con invitaci\u00f3n, se celebrar\u00e1 como es habitual en el Sal\u00f3 de Cent del Ayuntamiento de Barcelona el jueves 2 de marzo, a las siete y media de la tarde.<\/p>\n\n\n\n<p>La junta directiva de la FECAC y las entidades asociadas, junto con las autoridades, har\u00e1n la <strong>ofrenda floral<\/strong> en el monolito de Blas Infante, considerado el padre de la patria andaluza, en el parque de la Guineueta, en Barcelona, el s\u00e1bado 4 de marzo a las cinco y media de la tarde. La actuaci\u00f3n del ballet de la FECAC y del grupo \u2018Menos es m\u00e1s\u2019 pondr\u00e1 la nota musical.<\/p>\n\n\n\n<p>Al d\u00eda siguiente, domingo 5 de marzo, a partir de las 9 de la ma\u00f1ana, se celebrar\u00e1 la <strong>Jornada de Convivencia<\/strong> en Terrassa, en el parque Els Bellots, actividad festiva que tradicionalmente constituye el colof\u00f3n de estas jornadas conmemorativas.<\/p>\n","protected":false},"excerpt":{"rendered":"<p>La Federaci\u00f3n de Entidades Culturales Andaluzas en Catalu\u00f1a (FECAC) dedica la edici\u00f3n n\u00famero 39 de las Jornadas Conmemorativas del D\u00eda de Andaluc\u00eda en Catalu\u00f1a a la provincia de C\u00e1diz. Los diversos actos institucionales, culturales y recreativos se iniciaron el pasado fin de semana y se prolongar\u00e1n hasta el domingo 5 de marzo. El cartel, dise\u00f1ado [&hellip;]<\/p>\n","protected":false},"author":1,"featured_media":1112,"comment_status":"open","ping_status":"open","sticky":false,"template":"","format":"standard","meta":{"footnotes":""},"categories":[19],"tags":[],"class_list":{"0":"post-1111","1":"post","2":"type-post","3":"status-publish","4":"format-standard","5":"has-post-thumbnail","7":"category-actualidad"},"_links":{"self":[{"href":"https:\/\/raicesandaluzas.com\/revista\/wp-json\/wp\/v2\/posts\/1111","targetHints":{"allow":["GET"]}}],"collection":[{"href":"https:\/\/raicesandaluzas.com\/revista\/wp-json\/wp\/v2\/posts"}],"about":[{"href":"https:\/\/raicesandaluzas.com\/revista\/wp-json\/wp\/v2\/types\/post"}],"author":[{"embeddable":true,"href":"https:\/\/raicesandaluzas.com\/revista\/wp-json\/wp\/v2\/users\/1"}],"replies":[{"embeddable":true,"href":"https:\/\/raicesandaluzas.com\/revista\/wp-json\/wp\/v2\/comments?post=1111"}],"version-history":[{"count":1,"href":"https:\/\/raicesandaluzas.com\/revista\/wp-json\/wp\/v2\/posts\/1111\/revisions"}],"predecessor-version":[{"id":1113,"href":"https:\/\/raicesandaluzas.com\/revista\/wp-json\/wp\/v2\/posts\/1111\/revisions\/1113"}],"wp:featuredmedia":[{"embeddable":true,"href":"https:\/\/raicesandaluzas.com\/revista\/wp-json\/wp\/v2\/media\/1112"}],"wp:attachment":[{"href":"https:\/\/raicesandaluzas.com\/revista\/wp-json\/wp\/v2\/media?parent=1111"}],"wp:term":[{"taxonomy":"category","embeddable":true,"href":"https:\/\/raicesandaluzas.com\/revista\/wp-json\/wp\/v2\/categories?post=1111"},{"taxonomy":"post_tag","embeddable":true,"href":"https:\/\/raicesandaluzas.com\/revista\/wp-json\/wp\/v2\/tags?post=1111"}],"curies":[{"name":"wp","href":"https:\/\/api.w.org\/{rel}","templated":true}]}}