{"id":1107,"date":"2023-02-15T12:31:36","date_gmt":"2023-02-15T12:31:36","guid":{"rendered":"https:\/\/raicesandaluzas.com\/revista\/?p=1107"},"modified":"2023-02-15T12:31:37","modified_gmt":"2023-02-15T12:31:37","slug":"la-asociacion-cultural-andaluza-de-torello-organiza-su-dia-de-andalucia","status":"publish","type":"post","link":"https:\/\/raicesandaluzas.com\/revista\/2023\/02\/15\/la-asociacion-cultural-andaluza-de-torello-organiza-su-dia-de-andalucia\/","title":{"rendered":"La Asociaci\u00f3n Cultural Andaluza de Torell\u00f3 organiza su D\u00eda de Andaluc\u00eda"},"content":{"rendered":"\n<p>El pr\u00f3ximo s\u00e1bado, 4 de marzo, la Asociaci\u00f3n Cultural Andaluza de Torell\u00f3 organiza su celebraci\u00f3n del D\u00eda de Andaluc\u00eda en el Teatre Cirvianum de la localidad aprovechando su 35 aniversario. La actividad comenzar\u00e1 a las 19 horas y contar\u00e1 con las actuaciones de la Asociaci\u00f3n Cultural Andaluza de Torell\u00f3 \u00abGrupo de teatro\u00bb, \u00ab\u00a1Acacia y melit\u00f3n!\u00bb Entrem\u00e9s de los hermanos \u00c1lvarez Quintero con las actuaciones de Ana Luque, Adela S\u00e1nchez y Francisco Granados, la Asociaci\u00f3n Cultural Andaluza de Torell\u00f3 Grupo de baila \u00abEntre dos aguas\u00bb, la Agrupaci\u00f3 Sardanista de Torell\u00f3, y el Coro Rociero de la Asociaci\u00f3n Cultural Andaluza de Torell\u00f3, que estar\u00e1 acompa\u00f1ado por la guitarra de David Caro.<\/p>\n\n\n\n<p>La entrada es gratuita.  <\/p>\n","protected":false},"excerpt":{"rendered":"<p>El pr\u00f3ximo s\u00e1bado, 4 de marzo, la Asociaci\u00f3n Cultural Andaluza de Torell\u00f3 organiza su celebraci\u00f3n del D\u00eda de Andaluc\u00eda en el Teatre Cirvianum de la localidad aprovechando su 35 aniversario. La actividad comenzar\u00e1 a las 19 horas y contar\u00e1 con las actuaciones de la Asociaci\u00f3n Cultural Andaluza de Torell\u00f3 \u00abGrupo de teatro\u00bb, \u00ab\u00a1Acacia y melit\u00f3n!\u00bb [&hellip;]<\/p>\n","protected":false},"author":1,"featured_media":1108,"comment_status":"open","ping_status":"open","sticky":false,"template":"","format":"standard","meta":{"footnotes":""},"categories":[19],"tags":[],"class_list":{"0":"post-1107","1":"post","2":"type-post","3":"status-publish","4":"format-standard","5":"has-post-thumbnail","7":"category-actualidad"},"_links":{"self":[{"href":"https:\/\/raicesandaluzas.com\/revista\/wp-json\/wp\/v2\/posts\/1107","targetHints":{"allow":["GET"]}}],"collection":[{"href":"https:\/\/raicesandaluzas.com\/revista\/wp-json\/wp\/v2\/posts"}],"about":[{"href":"https:\/\/raicesandaluzas.com\/revista\/wp-json\/wp\/v2\/types\/post"}],"author":[{"embeddable":true,"href":"https:\/\/raicesandaluzas.com\/revista\/wp-json\/wp\/v2\/users\/1"}],"replies":[{"embeddable":true,"href":"https:\/\/raicesandaluzas.com\/revista\/wp-json\/wp\/v2\/comments?post=1107"}],"version-history":[{"count":1,"href":"https:\/\/raicesandaluzas.com\/revista\/wp-json\/wp\/v2\/posts\/1107\/revisions"}],"predecessor-version":[{"id":1109,"href":"https:\/\/raicesandaluzas.com\/revista\/wp-json\/wp\/v2\/posts\/1107\/revisions\/1109"}],"wp:featuredmedia":[{"embeddable":true,"href":"https:\/\/raicesandaluzas.com\/revista\/wp-json\/wp\/v2\/media\/1108"}],"wp:attachment":[{"href":"https:\/\/raicesandaluzas.com\/revista\/wp-json\/wp\/v2\/media?parent=1107"}],"wp:term":[{"taxonomy":"category","embeddable":true,"href":"https:\/\/raicesandaluzas.com\/revista\/wp-json\/wp\/v2\/categories?post=1107"},{"taxonomy":"post_tag","embeddable":true,"href":"https:\/\/raicesandaluzas.com\/revista\/wp-json\/wp\/v2\/tags?post=1107"}],"curies":[{"name":"wp","href":"https:\/\/api.w.org\/{rel}","templated":true}]}}