{"id":1104,"date":"2023-02-15T12:19:09","date_gmt":"2023-02-15T12:19:09","guid":{"rendered":"https:\/\/raicesandaluzas.com\/revista\/?p=1104"},"modified":"2023-02-15T12:19:10","modified_gmt":"2023-02-15T12:19:10","slug":"la-casa-de-sevilla-de-sant-boi-celebra-el-dia-de-andalucia","status":"publish","type":"post","link":"https:\/\/raicesandaluzas.com\/revista\/2023\/02\/15\/la-casa-de-sevilla-de-sant-boi-celebra-el-dia-de-andalucia\/","title":{"rendered":"La Casa de Sevilla de Sant Boi celebra el D\u00eda de Andaluc\u00eda"},"content":{"rendered":"\n<p>El pr\u00f3ximo domingo, 5 de marzo, la Casa de Sevilla de Sant Boi celebra el D\u00eda de Andaluc\u00eda con actividades que comenzar\u00e1n a partir de las 12 horas con una misa rociera cantada por el Coro rociero \u00abRa\u00edces\u00bb de la Casa de Sevilla. A las 13 horas, la Escuela de Baile Flamenco de la entidad llevar\u00e1 a cabo una actuaci\u00f3n, y a las 14.30 horas se podr\u00e1n degustar unas migas populares. El precio de la comida es de 6 euros, 5 para los socios. La venta de tickets ser\u00e1 en la Casa de Sevilla (c. Riera Gasulla, 14, Sant Boi) y el mismo d\u00eda en la plaza. <\/p>\n\n\n\n<p>Todos los actos tendr\u00e1n lugar en la Pla\u00e7a Teresa Valls i Div\u00ed (Las Pir\u00e1mides).  <\/p>\n","protected":false},"excerpt":{"rendered":"<p>El pr\u00f3ximo domingo, 5 de marzo, la Casa de Sevilla de Sant Boi celebra el D\u00eda de Andaluc\u00eda con actividades que comenzar\u00e1n a partir de las 12 horas con una misa rociera cantada por el Coro rociero \u00abRa\u00edces\u00bb de la Casa de Sevilla. A las 13 horas, la Escuela de Baile Flamenco de la entidad [&hellip;]<\/p>\n","protected":false},"author":1,"featured_media":1105,"comment_status":"open","ping_status":"open","sticky":false,"template":"","format":"standard","meta":{"footnotes":""},"categories":[19],"tags":[],"class_list":{"0":"post-1104","1":"post","2":"type-post","3":"status-publish","4":"format-standard","5":"has-post-thumbnail","7":"category-actualidad"},"_links":{"self":[{"href":"https:\/\/raicesandaluzas.com\/revista\/wp-json\/wp\/v2\/posts\/1104","targetHints":{"allow":["GET"]}}],"collection":[{"href":"https:\/\/raicesandaluzas.com\/revista\/wp-json\/wp\/v2\/posts"}],"about":[{"href":"https:\/\/raicesandaluzas.com\/revista\/wp-json\/wp\/v2\/types\/post"}],"author":[{"embeddable":true,"href":"https:\/\/raicesandaluzas.com\/revista\/wp-json\/wp\/v2\/users\/1"}],"replies":[{"embeddable":true,"href":"https:\/\/raicesandaluzas.com\/revista\/wp-json\/wp\/v2\/comments?post=1104"}],"version-history":[{"count":1,"href":"https:\/\/raicesandaluzas.com\/revista\/wp-json\/wp\/v2\/posts\/1104\/revisions"}],"predecessor-version":[{"id":1106,"href":"https:\/\/raicesandaluzas.com\/revista\/wp-json\/wp\/v2\/posts\/1104\/revisions\/1106"}],"wp:featuredmedia":[{"embeddable":true,"href":"https:\/\/raicesandaluzas.com\/revista\/wp-json\/wp\/v2\/media\/1105"}],"wp:attachment":[{"href":"https:\/\/raicesandaluzas.com\/revista\/wp-json\/wp\/v2\/media?parent=1104"}],"wp:term":[{"taxonomy":"category","embeddable":true,"href":"https:\/\/raicesandaluzas.com\/revista\/wp-json\/wp\/v2\/categories?post=1104"},{"taxonomy":"post_tag","embeddable":true,"href":"https:\/\/raicesandaluzas.com\/revista\/wp-json\/wp\/v2\/tags?post=1104"}],"curies":[{"name":"wp","href":"https:\/\/api.w.org\/{rel}","templated":true}]}}