{"id":1096,"date":"2023-02-08T10:32:14","date_gmt":"2023-02-08T10:32:14","guid":{"rendered":"https:\/\/raicesandaluzas.com\/revista\/?p=1096"},"modified":"2023-02-08T10:32:15","modified_gmt":"2023-02-08T10:32:15","slug":"una-santa-agueda-llena-de-ilusiones","status":"publish","type":"post","link":"https:\/\/raicesandaluzas.com\/revista\/2023\/02\/08\/una-santa-agueda-llena-de-ilusiones\/","title":{"rendered":"Una Santa \u00c1gueda llena de ilusiones"},"content":{"rendered":"\n<p>Este a\u00f1o la Asociaci\u00f3n de Mujeres Cofrades de Barcelona realiz\u00f3 su celebraci\u00f3n principal el d\u00eda 4 de febrero junto con la Hermandad del Sant\u00edsimo Cristo Redentor y Nuestra Se\u00f1ora de la Soledad de Badalona en su sede la parroquia de Sant Antonio de Padua de Llefi\u00e1.<br>Precisamente, este hecho nos hizo especial ilusi\u00f3n, pues la que escribe y su familia pertenecemos a dicha Hermandad desde hace muchos a\u00f1os, alguno de nosotros m\u00e1s de 30.<br>Otro hecho que nos hizo especial ilusi\u00f3n fue la identidad de la ponente, este a\u00f1o Teresa Comellas i Cuadern, la que fue la primera presidenta y fundadora de nuestra asociaci\u00f3n realizaba la ponencia bajo el t\u00edtulo: \u00abLa mujer del siglo XXI, en el mundo cofrade de ayer y hoy\u00bb.<br>Teresa nos habl\u00f3 de la funci\u00f3n de las mujeres en los gremios que en el siglo XIII crearon las distintas cofrad\u00edas gremiales tan relevantes en el mundo cofrade de la \u00e9poca y siglos venideros. Y su papel en dichas cofrad\u00edas. Para acabar con un repaso del papel de la mujer en las cofrad\u00edas actuales, concluyendo \u201chemos andado mucho camino, pero todav\u00eda queda por recorrer\u201d.<br>\u00a1\u00a1Y despu\u00e9s, una nueva ilusi\u00f3n!! \u00a1La presentaci\u00f3n del VII Encuentro Nacional de Mujeres Cofrades en Barcelona, del 7 al 9 de diciembre!<br>La presidenta de la Asociaci\u00f3n Nuria Borraz y M. \u00c1ngeles Arrabal miembro de la junta, presentaron el logo, lema y borrador de la agenda del Encuentro que podr\u00e9is ver en las im\u00e1genes inferiores e invitaron a todos a participar, hombres y mujeres, por supuesto j\u00f3venes tambi\u00e9n.<br>A continuaci\u00f3n los asistentes visitaron las im\u00e1genes, enseres y el paso del calvario, restaurado para ser llevado a hombros de la Hermandad del Sant\u00edsimo Cristo Redentor y Nuestra Se\u00f1ora de la Soledad de Badalona.<\/p>\n\n\n\n<figure class=\"wp-block-gallery has-nested-images columns-default is-cropped wp-block-gallery-1 is-layout-flex wp-block-gallery-is-layout-flex\">\n<figure class=\"wp-block-image size-large\"><a href=\"https:\/\/raicesandaluzas.com\/revista\/wp-content\/uploads\/2023\/02\/santaagueda03.jpg\"><img loading=\"lazy\" decoding=\"async\" width=\"800\" height=\"600\" data-id=\"1098\" src=\"https:\/\/raicesandaluzas.com\/revista\/wp-content\/uploads\/2023\/02\/santaagueda03.jpg\" alt=\"\" class=\"wp-image-1098\" srcset=\"https:\/\/raicesandaluzas.com\/revista\/wp-content\/uploads\/2023\/02\/santaagueda03.jpg 800w, https:\/\/raicesandaluzas.com\/revista\/wp-content\/uploads\/2023\/02\/santaagueda03-300x225.jpg 300w, https:\/\/raicesandaluzas.com\/revista\/wp-content\/uploads\/2023\/02\/santaagueda03-768x576.jpg 768w, https:\/\/raicesandaluzas.com\/revista\/wp-content\/uploads\/2023\/02\/santaagueda03-696x522.jpg 696w, https:\/\/raicesandaluzas.com\/revista\/wp-content\/uploads\/2023\/02\/santaagueda03-560x420.jpg 560w, https:\/\/raicesandaluzas.com\/revista\/wp-content\/uploads\/2023\/02\/santaagueda03-80x60.jpg 80w, https:\/\/raicesandaluzas.com\/revista\/wp-content\/uploads\/2023\/02\/santaagueda03-265x198.jpg 265w\" sizes=\"auto, (max-width: 800px) 100vw, 800px\" \/><\/a><\/figure>\n\n\n\n<figure class=\"wp-block-image size-large\"><a href=\"https:\/\/raicesandaluzas.com\/revista\/wp-content\/uploads\/2023\/02\/santaagueda01.jpg\"><img loading=\"lazy\" decoding=\"async\" width=\"600\" height=\"800\" data-id=\"1099\" src=\"https:\/\/raicesandaluzas.com\/revista\/wp-content\/uploads\/2023\/02\/santaagueda01.jpg\" alt=\"\" class=\"wp-image-1099\" srcset=\"https:\/\/raicesandaluzas.com\/revista\/wp-content\/uploads\/2023\/02\/santaagueda01.jpg 600w, https:\/\/raicesandaluzas.com\/revista\/wp-content\/uploads\/2023\/02\/santaagueda01-225x300.jpg 225w, https:\/\/raicesandaluzas.com\/revista\/wp-content\/uploads\/2023\/02\/santaagueda01-315x420.jpg 315w\" sizes=\"auto, (max-width: 600px) 100vw, 600px\" \/><\/a><\/figure>\n<\/figure>\n\n\n\n<p><br>La misa, bendici\u00f3n de las tetillas de Santa Agueda, panecillos que se comparten con los asistentes y la presentaci\u00f3n del cartel de Semana Santa de la Hermandad cerraron el acto.<br>Agradecemos a Mossen Jordi Cuss\u00f3 su acogida en su parroquia y su presencia a los asistentes que dieron relevancia al acto. Gracias a todos.<\/p>\n\n\n\n<p><span style=\"background-color:#0b0000\" class=\"td_text_highlight_marker\">Texto y fotograf\u00edas: Asociaci\u00f3n de Mujeres Cofrades de Barcelona<\/span><\/p>\n\n\n\n<div><a href=\"https:\/\/raicesandaluzas.com\/revista\/wp-content\/uploads\/2023\/02\/santaagueda04-722x1024.jpg\" class=\"td-modal-image\"><figure class=\"wp-block-image size-large\"><img loading=\"lazy\" decoding=\"async\" width=\"722\" height=\"1024\" src=\"https:\/\/raicesandaluzas.com\/revista\/wp-content\/uploads\/2023\/02\/santaagueda04-722x1024.jpg\" alt=\"\" class=\"wp-image-1097\" srcset=\"https:\/\/raicesandaluzas.com\/revista\/wp-content\/uploads\/2023\/02\/santaagueda04-722x1024.jpg 722w, https:\/\/raicesandaluzas.com\/revista\/wp-content\/uploads\/2023\/02\/santaagueda04-212x300.jpg 212w, https:\/\/raicesandaluzas.com\/revista\/wp-content\/uploads\/2023\/02\/santaagueda04-768x1089.jpg 768w, https:\/\/raicesandaluzas.com\/revista\/wp-content\/uploads\/2023\/02\/santaagueda04-696x987.jpg 696w, https:\/\/raicesandaluzas.com\/revista\/wp-content\/uploads\/2023\/02\/santaagueda04-296x420.jpg 296w, https:\/\/raicesandaluzas.com\/revista\/wp-content\/uploads\/2023\/02\/santaagueda04.jpg 846w\" sizes=\"auto, (max-width: 722px) 100vw, 722px\" \/><\/figure><\/a><\/div>\n","protected":false},"excerpt":{"rendered":"<p>Este a\u00f1o la Asociaci\u00f3n de Mujeres Cofrades de Barcelona realiz\u00f3 su celebraci\u00f3n principal el d\u00eda 4 de febrero junto con la Hermandad del Sant\u00edsimo Cristo Redentor y Nuestra Se\u00f1ora de la Soledad de Badalona en su sede la parroquia de Sant Antonio de Padua de Llefi\u00e1.Precisamente, este hecho nos hizo especial ilusi\u00f3n, pues la que [&hellip;]<\/p>\n","protected":false},"author":1,"featured_media":1100,"comment_status":"open","ping_status":"open","sticky":false,"template":"","format":"standard","meta":{"footnotes":""},"categories":[19],"tags":[],"class_list":{"0":"post-1096","1":"post","2":"type-post","3":"status-publish","4":"format-standard","5":"has-post-thumbnail","7":"category-actualidad"},"_links":{"self":[{"href":"https:\/\/raicesandaluzas.com\/revista\/wp-json\/wp\/v2\/posts\/1096","targetHints":{"allow":["GET"]}}],"collection":[{"href":"https:\/\/raicesandaluzas.com\/revista\/wp-json\/wp\/v2\/posts"}],"about":[{"href":"https:\/\/raicesandaluzas.com\/revista\/wp-json\/wp\/v2\/types\/post"}],"author":[{"embeddable":true,"href":"https:\/\/raicesandaluzas.com\/revista\/wp-json\/wp\/v2\/users\/1"}],"replies":[{"embeddable":true,"href":"https:\/\/raicesandaluzas.com\/revista\/wp-json\/wp\/v2\/comments?post=1096"}],"version-history":[{"count":1,"href":"https:\/\/raicesandaluzas.com\/revista\/wp-json\/wp\/v2\/posts\/1096\/revisions"}],"predecessor-version":[{"id":1101,"href":"https:\/\/raicesandaluzas.com\/revista\/wp-json\/wp\/v2\/posts\/1096\/revisions\/1101"}],"wp:featuredmedia":[{"embeddable":true,"href":"https:\/\/raicesandaluzas.com\/revista\/wp-json\/wp\/v2\/media\/1100"}],"wp:attachment":[{"href":"https:\/\/raicesandaluzas.com\/revista\/wp-json\/wp\/v2\/media?parent=1096"}],"wp:term":[{"taxonomy":"category","embeddable":true,"href":"https:\/\/raicesandaluzas.com\/revista\/wp-json\/wp\/v2\/categories?post=1096"},{"taxonomy":"post_tag","embeddable":true,"href":"https:\/\/raicesandaluzas.com\/revista\/wp-json\/wp\/v2\/tags?post=1096"}],"curies":[{"name":"wp","href":"https:\/\/api.w.org\/{rel}","templated":true}]}}