{"id":1087,"date":"2023-02-03T10:06:28","date_gmt":"2023-02-03T10:06:28","guid":{"rendered":"https:\/\/raicesandaluzas.com\/revista\/?p=1087"},"modified":"2023-02-03T10:06:29","modified_gmt":"2023-02-03T10:06:29","slug":"la-hermandad-de-barcelona-celebra-su-53-aniversario","status":"publish","type":"post","link":"https:\/\/raicesandaluzas.com\/revista\/2023\/02\/03\/la-hermandad-de-barcelona-celebra-su-53-aniversario\/","title":{"rendered":"La Hermandad de Barcelona celebra su 53 aniversario"},"content":{"rendered":"\n<p>Este domingo&nbsp;5 de febrero la Hdad.Ntra.Sra. del Roc\u00edo de Barcelona celebra su 53 aniversario coincidiendo con su misa mensual de primero de mes. Este a\u00f1o va a estar marcado por el acto de Ofrenda Floral al Bendito Simpecado y por la celebraci\u00f3n de la fiesta de la Luz.&nbsp;<\/p>\n\n\n\n<p>La ofrenda se realizar\u00e1 a las 12.00 horas, los ramos blancos se podr\u00e1n conseguir en la propia iglesia y se har\u00e1 previa a la misa que se celebrar\u00e1 a las 12.30 horas. Ser\u00e1 oficiada por Mn.Adilson y cantada por el Coro de la Hermandad.&nbsp;<\/p>\n\n\n\n<p>Dentro de los actos de cultos se realizar\u00e1 la fiesta de la luz, con motivo de la proximidad de la fiesta de la Candelaria.<\/p>\n\n\n<div class=\"wp-block-image\">\n<figure class=\"aligncenter size-large\"><img loading=\"lazy\" decoding=\"async\" width=\"819\" height=\"1024\" src=\"https:\/\/raicesandaluzas.com\/revista\/wp-content\/uploads\/2023\/02\/MISA-53-ANIVERSARIO-FEBRERO-2023-819x1024.jpg\" alt=\"\" class=\"wp-image-1089\" srcset=\"https:\/\/raicesandaluzas.com\/revista\/wp-content\/uploads\/2023\/02\/MISA-53-ANIVERSARIO-FEBRERO-2023-819x1024.jpg 819w, https:\/\/raicesandaluzas.com\/revista\/wp-content\/uploads\/2023\/02\/MISA-53-ANIVERSARIO-FEBRERO-2023-240x300.jpg 240w, https:\/\/raicesandaluzas.com\/revista\/wp-content\/uploads\/2023\/02\/MISA-53-ANIVERSARIO-FEBRERO-2023-768x960.jpg 768w, https:\/\/raicesandaluzas.com\/revista\/wp-content\/uploads\/2023\/02\/MISA-53-ANIVERSARIO-FEBRERO-2023-696x870.jpg 696w, https:\/\/raicesandaluzas.com\/revista\/wp-content\/uploads\/2023\/02\/MISA-53-ANIVERSARIO-FEBRERO-2023-336x420.jpg 336w, https:\/\/raicesandaluzas.com\/revista\/wp-content\/uploads\/2023\/02\/MISA-53-ANIVERSARIO-FEBRERO-2023.jpg 960w\" sizes=\"auto, (max-width: 819px) 100vw, 819px\" \/><\/figure>\n<\/div>","protected":false},"excerpt":{"rendered":"<p>Este domingo&nbsp;5 de febrero la Hdad.Ntra.Sra. del Roc\u00edo de Barcelona celebra su 53 aniversario coincidiendo con su misa mensual de primero de mes. Este a\u00f1o va a estar marcado por el acto de Ofrenda Floral al Bendito Simpecado y por la celebraci\u00f3n de la fiesta de la Luz.&nbsp; La ofrenda se realizar\u00e1 a las 12.00 [&hellip;]<\/p>\n","protected":false},"author":1,"featured_media":1088,"comment_status":"open","ping_status":"open","sticky":false,"template":"","format":"standard","meta":{"footnotes":""},"categories":[19,21],"tags":[],"class_list":{"0":"post-1087","1":"post","2":"type-post","3":"status-publish","4":"format-standard","5":"has-post-thumbnail","7":"category-actualidad","8":"category-raices-rocieras"},"_links":{"self":[{"href":"https:\/\/raicesandaluzas.com\/revista\/wp-json\/wp\/v2\/posts\/1087","targetHints":{"allow":["GET"]}}],"collection":[{"href":"https:\/\/raicesandaluzas.com\/revista\/wp-json\/wp\/v2\/posts"}],"about":[{"href":"https:\/\/raicesandaluzas.com\/revista\/wp-json\/wp\/v2\/types\/post"}],"author":[{"embeddable":true,"href":"https:\/\/raicesandaluzas.com\/revista\/wp-json\/wp\/v2\/users\/1"}],"replies":[{"embeddable":true,"href":"https:\/\/raicesandaluzas.com\/revista\/wp-json\/wp\/v2\/comments?post=1087"}],"version-history":[{"count":1,"href":"https:\/\/raicesandaluzas.com\/revista\/wp-json\/wp\/v2\/posts\/1087\/revisions"}],"predecessor-version":[{"id":1090,"href":"https:\/\/raicesandaluzas.com\/revista\/wp-json\/wp\/v2\/posts\/1087\/revisions\/1090"}],"wp:featuredmedia":[{"embeddable":true,"href":"https:\/\/raicesandaluzas.com\/revista\/wp-json\/wp\/v2\/media\/1088"}],"wp:attachment":[{"href":"https:\/\/raicesandaluzas.com\/revista\/wp-json\/wp\/v2\/media?parent=1087"}],"wp:term":[{"taxonomy":"category","embeddable":true,"href":"https:\/\/raicesandaluzas.com\/revista\/wp-json\/wp\/v2\/categories?post=1087"},{"taxonomy":"post_tag","embeddable":true,"href":"https:\/\/raicesandaluzas.com\/revista\/wp-json\/wp\/v2\/tags?post=1087"}],"curies":[{"name":"wp","href":"https:\/\/api.w.org\/{rel}","templated":true}]}}