{"id":1084,"date":"2023-01-30T09:22:21","date_gmt":"2023-01-30T09:22:21","guid":{"rendered":"https:\/\/raicesandaluzas.com\/revista\/?p=1084"},"modified":"2023-01-31T09:24:34","modified_gmt":"2023-01-31T09:24:34","slug":"la-hermandad-de-las-angustias-presenta-el-altar-de-culto-dedicado-al-santisimo-cristo-de-la-misericordia","status":"publish","type":"post","link":"https:\/\/raicesandaluzas.com\/revista\/2023\/01\/30\/la-hermandad-de-las-angustias-presenta-el-altar-de-culto-dedicado-al-santisimo-cristo-de-la-misericordia\/","title":{"rendered":"La Hermandad de las Angustias presenta el altar de culto dedicado al Sant\u00edsimo Cristo de la Misericordia"},"content":{"rendered":"\n<p>La Hermandad y Cofrad\u00eda de Nuestra Se\u00f1ora de las Angustias de Barcelona presenta el altar de cultos preparado en Honor al Sant\u00edsimo Cristo de la Misericordia. Para la ocasi\u00f3n, la Virgen se encuentra de manera erguida por primera vez en su historia con terno rojo cedido por la Virgen de los Dolores de Matar\u00f3 ; estrena gargantilla de cristal de Murano adquirida en un anticuario de la ciudad que luce en el pecho, en la mano del pa\u00f1uelo lleva la medalla de plata de la Hermandad de la Asunci\u00f3n de Cantillana y en la del rosario una medalla de oro de la Virgen de las Angustias de Granada; porta en el faj\u00edn como detalle un pasador con la Virgen de la Soledad de Cantillana con motivo de su Coronaci\u00f3n. La Esperanza de Cirera (Matar\u00f3) ha donado un pasador con su nombre ANGUSTIAS.<\/p>\n\n\n\n<p>El Sant\u00edsimo Cristo de la Misericordia estrena para sus cultos antiguo pa\u00f1o de pureza realizado en tul bordado en cordoncillo dorado y lentejuelas. La Hermandad estrena la nueva cruz realizada por el sevillano Enrique Calero para el paso procesional de Nuestra Se\u00f1ora de las Angustias. Agradecemos a la Hermandad del Roc\u00edo de Barcelona la cesi\u00f3n de los candelabros de plata y a M.M. Carmelitas Descalzas del Monasterio de la Inmaculada (Barcelona) por los \u00e1ngeles torcheros que custodian al Sant\u00edsimo Cristo de la Misericordia. El altar de cultos podr\u00e1 ser visitado en la capilla del Sant\u00edsimo de la Iglesia de San Jaime (C\/ Ferr\u00e0n, 28 &#8211; Barcelona), del lunes 30 de enero al s\u00e1bado 4 de febrero, d\u00eda que se rezar\u00e1 a las 17:15 horas el Rosario y a las 18:00 horas Santa Misa oficiada por Mn. Llu\u00eds Ramis. <\/p>\n","protected":false},"excerpt":{"rendered":"<p>La Hermandad y Cofrad\u00eda de Nuestra Se\u00f1ora de las Angustias de Barcelona presenta el altar de cultos preparado en Honor al Sant\u00edsimo Cristo de la Misericordia. Para la ocasi\u00f3n, la Virgen se encuentra de manera erguida por primera vez en su historia con terno rojo cedido por la Virgen de los Dolores de Matar\u00f3 ; [&hellip;]<\/p>\n","protected":false},"author":1,"featured_media":1085,"comment_status":"open","ping_status":"open","sticky":false,"template":"","format":"standard","meta":{"footnotes":""},"categories":[19],"tags":[],"class_list":{"0":"post-1084","1":"post","2":"type-post","3":"status-publish","4":"format-standard","5":"has-post-thumbnail","7":"category-actualidad"},"_links":{"self":[{"href":"https:\/\/raicesandaluzas.com\/revista\/wp-json\/wp\/v2\/posts\/1084","targetHints":{"allow":["GET"]}}],"collection":[{"href":"https:\/\/raicesandaluzas.com\/revista\/wp-json\/wp\/v2\/posts"}],"about":[{"href":"https:\/\/raicesandaluzas.com\/revista\/wp-json\/wp\/v2\/types\/post"}],"author":[{"embeddable":true,"href":"https:\/\/raicesandaluzas.com\/revista\/wp-json\/wp\/v2\/users\/1"}],"replies":[{"embeddable":true,"href":"https:\/\/raicesandaluzas.com\/revista\/wp-json\/wp\/v2\/comments?post=1084"}],"version-history":[{"count":1,"href":"https:\/\/raicesandaluzas.com\/revista\/wp-json\/wp\/v2\/posts\/1084\/revisions"}],"predecessor-version":[{"id":1086,"href":"https:\/\/raicesandaluzas.com\/revista\/wp-json\/wp\/v2\/posts\/1084\/revisions\/1086"}],"wp:featuredmedia":[{"embeddable":true,"href":"https:\/\/raicesandaluzas.com\/revista\/wp-json\/wp\/v2\/media\/1085"}],"wp:attachment":[{"href":"https:\/\/raicesandaluzas.com\/revista\/wp-json\/wp\/v2\/media?parent=1084"}],"wp:term":[{"taxonomy":"category","embeddable":true,"href":"https:\/\/raicesandaluzas.com\/revista\/wp-json\/wp\/v2\/categories?post=1084"},{"taxonomy":"post_tag","embeddable":true,"href":"https:\/\/raicesandaluzas.com\/revista\/wp-json\/wp\/v2\/tags?post=1084"}],"curies":[{"name":"wp","href":"https:\/\/api.w.org\/{rel}","templated":true}]}}