{"id":1069,"date":"2023-01-04T12:10:57","date_gmt":"2023-01-04T12:10:57","guid":{"rendered":"https:\/\/raicesandaluzas.com\/revista\/?p=1069"},"modified":"2023-01-04T12:10:58","modified_gmt":"2023-01-04T12:10:58","slug":"la-fecac-dedicara-las-39-jornadas-conmemorativas-del-dia-de-andalucia-en-catalunya-a-la-provincia-de-cadiz","status":"publish","type":"post","link":"https:\/\/raicesandaluzas.com\/revista\/2023\/01\/04\/la-fecac-dedicara-las-39-jornadas-conmemorativas-del-dia-de-andalucia-en-catalunya-a-la-provincia-de-cadiz\/","title":{"rendered":"La FECAC dedicar\u00e1 las 39 Jornadas Conmemorativas del D\u00eda de Andaluc\u00eda en Catalunya a la provincia de C\u00e1diz"},"content":{"rendered":"\n<p>El presidente de la Federaci\u00f3n de Entidades Culturales Andaluzas en Catalunya (FECAC), Daniel Salinero, realiz\u00f3 un visita hace un par de semanas al diputado responsable del \u00c1rea de Desarrollo a la Ciudadan\u00eda de la Diputaci\u00f3n de C\u00e1diz, Jaime Armario, para presentarle la programaci\u00f3n de actos de las 39 Jornadas Conmemorativas del D\u00eda de Andaluc\u00eda en Catalunya que la federaci\u00f3n dedica este 2023 a la provincia gaditana. <\/p>\n\n\n\n<p>Las jornadas se llevar\u00e1n a cabo durante los meses de febrero y marzo, con citas destacadas como la jornada de convivencia, la ofrenda al busto de Blas Infante o la conferencia en el Sal\u00f3 de Cent del Ayuntamiento de Barcelona, que tendr\u00e1 lugar el 2 de marzo. La \u00faltima vez que la FECAC dedic\u00f3 su D\u00eda de Andaluc\u00eda a C\u00e1diz fue en 2012, cuando se cumpl\u00edan los 200 a\u00f1os de la promulgaci\u00f3n de la Constituci\u00f3n de 1812, la llamada Pepa. <\/p>\n","protected":false},"excerpt":{"rendered":"<p>El presidente de la Federaci\u00f3n de Entidades Culturales Andaluzas en Catalunya (FECAC), Daniel Salinero, realiz\u00f3 un visita hace un par de semanas al diputado responsable del \u00c1rea de Desarrollo a la Ciudadan\u00eda de la Diputaci\u00f3n de C\u00e1diz, Jaime Armario, para presentarle la programaci\u00f3n de actos de las 39 Jornadas Conmemorativas del D\u00eda de Andaluc\u00eda en [&hellip;]<\/p>\n","protected":false},"author":1,"featured_media":1070,"comment_status":"open","ping_status":"open","sticky":false,"template":"","format":"standard","meta":{"footnotes":""},"categories":[19],"tags":[],"class_list":{"0":"post-1069","1":"post","2":"type-post","3":"status-publish","4":"format-standard","5":"has-post-thumbnail","7":"category-actualidad"},"_links":{"self":[{"href":"https:\/\/raicesandaluzas.com\/revista\/wp-json\/wp\/v2\/posts\/1069","targetHints":{"allow":["GET"]}}],"collection":[{"href":"https:\/\/raicesandaluzas.com\/revista\/wp-json\/wp\/v2\/posts"}],"about":[{"href":"https:\/\/raicesandaluzas.com\/revista\/wp-json\/wp\/v2\/types\/post"}],"author":[{"embeddable":true,"href":"https:\/\/raicesandaluzas.com\/revista\/wp-json\/wp\/v2\/users\/1"}],"replies":[{"embeddable":true,"href":"https:\/\/raicesandaluzas.com\/revista\/wp-json\/wp\/v2\/comments?post=1069"}],"version-history":[{"count":1,"href":"https:\/\/raicesandaluzas.com\/revista\/wp-json\/wp\/v2\/posts\/1069\/revisions"}],"predecessor-version":[{"id":1071,"href":"https:\/\/raicesandaluzas.com\/revista\/wp-json\/wp\/v2\/posts\/1069\/revisions\/1071"}],"wp:featuredmedia":[{"embeddable":true,"href":"https:\/\/raicesandaluzas.com\/revista\/wp-json\/wp\/v2\/media\/1070"}],"wp:attachment":[{"href":"https:\/\/raicesandaluzas.com\/revista\/wp-json\/wp\/v2\/media?parent=1069"}],"wp:term":[{"taxonomy":"category","embeddable":true,"href":"https:\/\/raicesandaluzas.com\/revista\/wp-json\/wp\/v2\/categories?post=1069"},{"taxonomy":"post_tag","embeddable":true,"href":"https:\/\/raicesandaluzas.com\/revista\/wp-json\/wp\/v2\/tags?post=1069"}],"curies":[{"name":"wp","href":"https:\/\/api.w.org\/{rel}","templated":true}]}}