{"id":1044,"date":"2022-12-12T10:58:11","date_gmt":"2022-12-12T10:58:11","guid":{"rendered":"https:\/\/raicesandaluzas.com\/revista\/?p=1044"},"modified":"2022-12-12T10:58:12","modified_gmt":"2022-12-12T10:58:12","slug":"montserrat-rico-vuelve-a-la-novela-historica-con-1526-el-emperador-debe-morir","status":"publish","type":"post","link":"https:\/\/raicesandaluzas.com\/revista\/2022\/12\/12\/montserrat-rico-vuelve-a-la-novela-historica-con-1526-el-emperador-debe-morir\/","title":{"rendered":"Montserrat Rico vuelve a la novela hist\u00f3rica con \u201c1526. El emperador debe morir\u201d"},"content":{"rendered":"\n<p>La escritora, historiadora y ensayista Montserrat Rico G\u00f3ngora regresa a la novela hist\u00f3rica con su nueva obra, \u201c1526. El emperador debe morir\u201d, ambientada en la estancia de Carlos V en la Alhambra granadina en el verano de ese a\u00f1o para celebrar su luna de miel con Isabel de Portugal. En un reino nazar\u00ed derrotado pocas d\u00e9cadas atr\u00e1s, con un ambiente de recelos y venganza, uno de los invitados a los festejos fallece despu\u00e9s de beber de una copa que le ofrece el propio emperador. Parece un claro intento de acabar con la vida de un hombre poderoso, el C\u00e9sar de la cristiandad, que tiene muchos enemigos. La autora nos ofrece en las p\u00e1ginas de esta trepidante novela la oportunidad de recorrer las calles de la Alhambra y la ciudad de Granada en una \u00e9poca fascinante.<\/p>\n\n\n\n<p>\u201cA menudo, parece inevitable plantearse qu\u00e9 distinta habr\u00eda sido nuestra historia si el largo proceso de la Reconquista no hubiera acaecido, si la natural convivencia de los pobladores peninsulares, de distintos credos, no se hubiera visto sacudida por el af\u00e1n de proclamar \u201cusurpadores\u201d y \u201cusurpados\u201d por los estrictos criterios de la fe\u201d, comenta la escritora, quien describe un escenario lleno de intrigas y malestar social. \u201cEn el verano de 1526 se dieron cita en la Alhambra, convocados por el festejo o por las exigencias de la pol\u00edtica internacional, todos los enemigos declarados del emperador, circunstancia que se ha prestado a dar realismo a esta novela que, siendo ficci\u00f3n, bordea los l\u00edmites -y acaso los rebasa- de la exacta realidad. \u00bfPudo orquestarse en esos d\u00edas una conspiraci\u00f3n en la Alhambra para atentar contra la vida del C\u00e9sar? Posiblemente s\u00ed, aunque las cosas que no trascienden nunca se registran en los anales de la Historia, como dir\u00eda uno de sus protagonistas\u201d.<\/p>\n\n\n\n<p>Una novela fascinante en la que tambi\u00e9n se viven historias de amor en paralelo a las intrigas de palacio. <\/p>\n","protected":false},"excerpt":{"rendered":"<p>La escritora, historiadora y ensayista Montserrat Rico G\u00f3ngora regresa a la novela hist\u00f3rica con su nueva obra, \u201c1526. El emperador debe morir\u201d, ambientada en la estancia de Carlos V en la Alhambra granadina en el verano de ese a\u00f1o para celebrar su luna de miel con Isabel de Portugal. En un reino nazar\u00ed derrotado pocas [&hellip;]<\/p>\n","protected":false},"author":1,"featured_media":1046,"comment_status":"open","ping_status":"open","sticky":false,"template":"","format":"standard","meta":{"footnotes":""},"categories":[19],"tags":[],"class_list":{"0":"post-1044","1":"post","2":"type-post","3":"status-publish","4":"format-standard","5":"has-post-thumbnail","7":"category-actualidad"},"_links":{"self":[{"href":"https:\/\/raicesandaluzas.com\/revista\/wp-json\/wp\/v2\/posts\/1044","targetHints":{"allow":["GET"]}}],"collection":[{"href":"https:\/\/raicesandaluzas.com\/revista\/wp-json\/wp\/v2\/posts"}],"about":[{"href":"https:\/\/raicesandaluzas.com\/revista\/wp-json\/wp\/v2\/types\/post"}],"author":[{"embeddable":true,"href":"https:\/\/raicesandaluzas.com\/revista\/wp-json\/wp\/v2\/users\/1"}],"replies":[{"embeddable":true,"href":"https:\/\/raicesandaluzas.com\/revista\/wp-json\/wp\/v2\/comments?post=1044"}],"version-history":[{"count":1,"href":"https:\/\/raicesandaluzas.com\/revista\/wp-json\/wp\/v2\/posts\/1044\/revisions"}],"predecessor-version":[{"id":1047,"href":"https:\/\/raicesandaluzas.com\/revista\/wp-json\/wp\/v2\/posts\/1044\/revisions\/1047"}],"wp:featuredmedia":[{"embeddable":true,"href":"https:\/\/raicesandaluzas.com\/revista\/wp-json\/wp\/v2\/media\/1046"}],"wp:attachment":[{"href":"https:\/\/raicesandaluzas.com\/revista\/wp-json\/wp\/v2\/media?parent=1044"}],"wp:term":[{"taxonomy":"category","embeddable":true,"href":"https:\/\/raicesandaluzas.com\/revista\/wp-json\/wp\/v2\/categories?post=1044"},{"taxonomy":"post_tag","embeddable":true,"href":"https:\/\/raicesandaluzas.com\/revista\/wp-json\/wp\/v2\/tags?post=1044"}],"curies":[{"name":"wp","href":"https:\/\/api.w.org\/{rel}","templated":true}]}}