{"id":1029,"date":"2022-11-16T10:28:44","date_gmt":"2022-11-16T10:28:44","guid":{"rendered":"https:\/\/raicesandaluzas.com\/revista\/?p=1029"},"modified":"2022-11-16T10:28:45","modified_gmt":"2022-11-16T10:28:45","slug":"la-casa-de-andalucia-de-gava-celebra-su-40-aniversario-con-un-concierto-de-cristian-guerrero","status":"publish","type":"post","link":"https:\/\/raicesandaluzas.com\/revista\/2022\/11\/16\/la-casa-de-andalucia-de-gava-celebra-su-40-aniversario-con-un-concierto-de-cristian-guerrero\/","title":{"rendered":"La Casa de Andaluc\u00eda de Gav\u00e0 celebra su 40 aniversario con un concierto de Cristian Guerrero"},"content":{"rendered":"\n<p>El pr\u00f3ximo 3 de diciembre, la Casa de Andaluc\u00eda de Gav\u00e0 celebrar\u00e1 su 40 aniversario con un concierto de Cristian Guerrero en el Espai Maragall de la localidad barcelonesa. El concierto comenzar\u00e1 a las 19 horas y el precio de las entradas es de 15 euros. Los t\u00edckets pueden adquirirse en taquilla o en la web www.entrapolis.com.<\/p>\n","protected":false},"excerpt":{"rendered":"<p>El pr\u00f3ximo 3 de diciembre, la Casa de Andaluc\u00eda de Gav\u00e0 celebrar\u00e1 su 40 aniversario con un concierto de Cristian Guerrero en el Espai Maragall de la localidad barcelonesa. El concierto comenzar\u00e1 a las 19 horas y el precio de las entradas es de 15 euros. Los t\u00edckets pueden adquirirse en taquilla o en la [&hellip;]<\/p>\n","protected":false},"author":1,"featured_media":1030,"comment_status":"open","ping_status":"open","sticky":false,"template":"","format":"standard","meta":{"footnotes":""},"categories":[19],"tags":[],"class_list":{"0":"post-1029","1":"post","2":"type-post","3":"status-publish","4":"format-standard","5":"has-post-thumbnail","7":"category-actualidad"},"_links":{"self":[{"href":"https:\/\/raicesandaluzas.com\/revista\/wp-json\/wp\/v2\/posts\/1029","targetHints":{"allow":["GET"]}}],"collection":[{"href":"https:\/\/raicesandaluzas.com\/revista\/wp-json\/wp\/v2\/posts"}],"about":[{"href":"https:\/\/raicesandaluzas.com\/revista\/wp-json\/wp\/v2\/types\/post"}],"author":[{"embeddable":true,"href":"https:\/\/raicesandaluzas.com\/revista\/wp-json\/wp\/v2\/users\/1"}],"replies":[{"embeddable":true,"href":"https:\/\/raicesandaluzas.com\/revista\/wp-json\/wp\/v2\/comments?post=1029"}],"version-history":[{"count":1,"href":"https:\/\/raicesandaluzas.com\/revista\/wp-json\/wp\/v2\/posts\/1029\/revisions"}],"predecessor-version":[{"id":1031,"href":"https:\/\/raicesandaluzas.com\/revista\/wp-json\/wp\/v2\/posts\/1029\/revisions\/1031"}],"wp:featuredmedia":[{"embeddable":true,"href":"https:\/\/raicesandaluzas.com\/revista\/wp-json\/wp\/v2\/media\/1030"}],"wp:attachment":[{"href":"https:\/\/raicesandaluzas.com\/revista\/wp-json\/wp\/v2\/media?parent=1029"}],"wp:term":[{"taxonomy":"category","embeddable":true,"href":"https:\/\/raicesandaluzas.com\/revista\/wp-json\/wp\/v2\/categories?post=1029"},{"taxonomy":"post_tag","embeddable":true,"href":"https:\/\/raicesandaluzas.com\/revista\/wp-json\/wp\/v2\/tags?post=1029"}],"curies":[{"name":"wp","href":"https:\/\/api.w.org\/{rel}","templated":true}]}}