{"id":1024,"date":"2022-11-09T10:58:02","date_gmt":"2022-11-09T10:58:02","guid":{"rendered":"https:\/\/raicesandaluzas.com\/revista\/?p=1024"},"modified":"2022-11-09T10:58:22","modified_gmt":"2022-11-09T10:58:22","slug":"la-casa-de-andalucia-en-barcelona-homenajea-al-presidente-de-la-diputacion-de-jaen-como-andaluz-del-ano","status":"publish","type":"post","link":"https:\/\/raicesandaluzas.com\/revista\/2022\/11\/09\/la-casa-de-andalucia-en-barcelona-homenajea-al-presidente-de-la-diputacion-de-jaen-como-andaluz-del-ano\/","title":{"rendered":"La Casa de Andaluc\u00eda en Barcelona homenajea al presidente de la Diputaci\u00f3n de Ja\u00e9n como Andaluz del A\u00f1o 2022"},"content":{"rendered":"\n<p>Francisco Reyes Mart\u00ednez, presidente de la Diputaci\u00f3n de Ja\u00e9n ser\u00e1 homenajeado por la Casa de Andaluc\u00eda en Barcelona, que el pr\u00f3ximo 26 de noviembre le har\u00e1 Andaluz del A\u00f1o. El acto tendr\u00e1 lugar en el hotel Novotel Barcelona City, en la Avinguda Diagonal de Barcelona n\u00famero 201. Como siempre, contar\u00e1 con una cena y las actuaciones del grupo Jaras e Irene Mart\u00ednez, ganadora del Concurso Nacional de Copla 2022 que organiz\u00f3 la entidad la primavera pasada.<\/p>\n\n\n\n<p>Los interesados en acudir al acto deben confirmar su asistencia llamando al 619 601 490 (Paquita Mar\u00edn).<\/p>\n","protected":false},"excerpt":{"rendered":"<p>Francisco Reyes Mart\u00ednez, presidente de la Diputaci\u00f3n de Ja\u00e9n ser\u00e1 homenajeado por la Casa de Andaluc\u00eda en Barcelona, que el pr\u00f3ximo 26 de noviembre le har\u00e1 Andaluz del A\u00f1o. El acto tendr\u00e1 lugar en el hotel Novotel Barcelona City, en la Avinguda Diagonal de Barcelona n\u00famero 201. Como siempre, contar\u00e1 con una cena y las [&hellip;]<\/p>\n","protected":false},"author":1,"featured_media":1025,"comment_status":"open","ping_status":"open","sticky":false,"template":"","format":"standard","meta":{"footnotes":""},"categories":[19],"tags":[],"class_list":{"0":"post-1024","1":"post","2":"type-post","3":"status-publish","4":"format-standard","5":"has-post-thumbnail","7":"category-actualidad"},"_links":{"self":[{"href":"https:\/\/raicesandaluzas.com\/revista\/wp-json\/wp\/v2\/posts\/1024","targetHints":{"allow":["GET"]}}],"collection":[{"href":"https:\/\/raicesandaluzas.com\/revista\/wp-json\/wp\/v2\/posts"}],"about":[{"href":"https:\/\/raicesandaluzas.com\/revista\/wp-json\/wp\/v2\/types\/post"}],"author":[{"embeddable":true,"href":"https:\/\/raicesandaluzas.com\/revista\/wp-json\/wp\/v2\/users\/1"}],"replies":[{"embeddable":true,"href":"https:\/\/raicesandaluzas.com\/revista\/wp-json\/wp\/v2\/comments?post=1024"}],"version-history":[{"count":2,"href":"https:\/\/raicesandaluzas.com\/revista\/wp-json\/wp\/v2\/posts\/1024\/revisions"}],"predecessor-version":[{"id":1027,"href":"https:\/\/raicesandaluzas.com\/revista\/wp-json\/wp\/v2\/posts\/1024\/revisions\/1027"}],"wp:featuredmedia":[{"embeddable":true,"href":"https:\/\/raicesandaluzas.com\/revista\/wp-json\/wp\/v2\/media\/1025"}],"wp:attachment":[{"href":"https:\/\/raicesandaluzas.com\/revista\/wp-json\/wp\/v2\/media?parent=1024"}],"wp:term":[{"taxonomy":"category","embeddable":true,"href":"https:\/\/raicesandaluzas.com\/revista\/wp-json\/wp\/v2\/categories?post=1024"},{"taxonomy":"post_tag","embeddable":true,"href":"https:\/\/raicesandaluzas.com\/revista\/wp-json\/wp\/v2\/tags?post=1024"}],"curies":[{"name":"wp","href":"https:\/\/api.w.org\/{rel}","templated":true}]}}