{"id":1021,"date":"2022-11-08T12:48:53","date_gmt":"2022-11-08T12:48:53","guid":{"rendered":"https:\/\/raicesandaluzas.com\/revista\/?p=1021"},"modified":"2022-11-08T12:48:55","modified_gmt":"2022-11-08T12:48:55","slug":"la-tertulia-flamenca-de-badalona-celebra-la-primera-jornada-de-la-aficion-flamenca-dedicada-a-la-generacion-de-la-diaspora","status":"publish","type":"post","link":"https:\/\/raicesandaluzas.com\/revista\/2022\/11\/08\/la-tertulia-flamenca-de-badalona-celebra-la-primera-jornada-de-la-aficion-flamenca-dedicada-a-la-generacion-de-la-diaspora\/","title":{"rendered":"La Tertulia Flamenca de Badalona celebra la primera Jornada de la Afici\u00f3n Flamenca dedicada a la generaci\u00f3n de la di\u00e1spora"},"content":{"rendered":"\n<p>El pr\u00f3ximo viernes, 25 de noviembre, la Tertulia Flamenca de Badalona celebra la primera Jornada de la Afici\u00f3n Flamenca dedicada a la generaci\u00f3n de la di\u00e1spora. Es decir, a los padres culturales del flamenco catal\u00e1n actual, los andaluces y extreme\u00f1os que llegaron a Catalunya tras la Guerra Civil trayendo su arte y poniendo las semillas para el nacimiento de fen\u00f3menos como Miguel Poveda, Mayte Mart\u00edn, Chicuelo, Duquende, Montse Cort\u00e9s o Ginesa Ortega. Porque sin Antonio Heredia, Jos\u00e9 Vargas, Juan Manuel Caro, Agust\u00edn el Cacere\u00f1o o Pepe L\u00f3pez quiz\u00e1s no hubiera surgido esa savia nueva. <\/p>\n\n\n\n<p>En el acto, que tendr\u00e1 lugar a las 19 horas en el Hotel de Entidades Andaluzas y Flamencas de la ciudad (c\/ Figueres, s\/n), se contar\u00e1 con las actuaciones de Justo Fern\u00e1ndez Amador, Juan Garc\u00eda Padilla, Jos\u00e9 Vargas y Pepa L\u00f3pez.  <\/p>\n","protected":false},"excerpt":{"rendered":"<p>El pr\u00f3ximo viernes, 25 de noviembre, la Tertulia Flamenca de Badalona celebra la primera Jornada de la Afici\u00f3n Flamenca dedicada a la generaci\u00f3n de la di\u00e1spora. Es decir, a los padres culturales del flamenco catal\u00e1n actual, los andaluces y extreme\u00f1os que llegaron a Catalunya tras la Guerra Civil trayendo su arte y poniendo las semillas [&hellip;]<\/p>\n","protected":false},"author":1,"featured_media":1022,"comment_status":"open","ping_status":"open","sticky":false,"template":"","format":"standard","meta":{"footnotes":""},"categories":[19,22],"tags":[],"class_list":{"0":"post-1021","1":"post","2":"type-post","3":"status-publish","4":"format-standard","5":"has-post-thumbnail","7":"category-actualidad","8":"category-flamenco"},"_links":{"self":[{"href":"https:\/\/raicesandaluzas.com\/revista\/wp-json\/wp\/v2\/posts\/1021","targetHints":{"allow":["GET"]}}],"collection":[{"href":"https:\/\/raicesandaluzas.com\/revista\/wp-json\/wp\/v2\/posts"}],"about":[{"href":"https:\/\/raicesandaluzas.com\/revista\/wp-json\/wp\/v2\/types\/post"}],"author":[{"embeddable":true,"href":"https:\/\/raicesandaluzas.com\/revista\/wp-json\/wp\/v2\/users\/1"}],"replies":[{"embeddable":true,"href":"https:\/\/raicesandaluzas.com\/revista\/wp-json\/wp\/v2\/comments?post=1021"}],"version-history":[{"count":1,"href":"https:\/\/raicesandaluzas.com\/revista\/wp-json\/wp\/v2\/posts\/1021\/revisions"}],"predecessor-version":[{"id":1023,"href":"https:\/\/raicesandaluzas.com\/revista\/wp-json\/wp\/v2\/posts\/1021\/revisions\/1023"}],"wp:featuredmedia":[{"embeddable":true,"href":"https:\/\/raicesandaluzas.com\/revista\/wp-json\/wp\/v2\/media\/1022"}],"wp:attachment":[{"href":"https:\/\/raicesandaluzas.com\/revista\/wp-json\/wp\/v2\/media?parent=1021"}],"wp:term":[{"taxonomy":"category","embeddable":true,"href":"https:\/\/raicesandaluzas.com\/revista\/wp-json\/wp\/v2\/categories?post=1021"},{"taxonomy":"post_tag","embeddable":true,"href":"https:\/\/raicesandaluzas.com\/revista\/wp-json\/wp\/v2\/tags?post=1021"}],"curies":[{"name":"wp","href":"https:\/\/api.w.org\/{rel}","templated":true}]}}