{"id":1017,"date":"2022-11-03T12:37:06","date_gmt":"2022-11-03T12:37:06","guid":{"rendered":"https:\/\/raicesandaluzas.com\/revista\/?p=1017"},"modified":"2022-11-03T12:37:07","modified_gmt":"2022-11-03T12:37:07","slug":"la-zambomba-flamenca-de-pastorcillo-divino-y-la-flamenca-calienta-motores","status":"publish","type":"post","link":"https:\/\/raicesandaluzas.com\/revista\/2022\/11\/03\/la-zambomba-flamenca-de-pastorcillo-divino-y-la-flamenca-calienta-motores\/","title":{"rendered":"La Zambomb\u00e1 flamenca de Pastorcillo Divino y La Flamenca calienta motores"},"content":{"rendered":"\n<p>Ya queda menos para que la octava edici\u00f3n de la Zambomb\u00e1 Flamenca de la Hermandad Ntra. Sra. Del Roc\u00edo Pastorcillo Divino y La Flamenca sea una realidad. El pr\u00f3ximo 26 de noviembre Vilanova ser\u00e1 la primera sede de un acto solidario que recoger\u00e1 fondos para el hospital pedi\u00e1trico Sant Joan de D\u00e9u de Barcelona. Le seguir\u00e1n La Llagosta, Salou, Barcelona, Sant Boi, Terrassa y el 17 de diciembre, L&#8217;Hospitalet de Llobregat. <\/p>\n\n\n\n<p>El precio de las entradas del espect\u00e1culo es de 8 euros. Para m\u00e1s informaci\u00f3n y venta de entradas hay que escribir al correo entradaszambomba@gmail.com<\/p>\n","protected":false},"excerpt":{"rendered":"<p>Ya queda menos para que la octava edici\u00f3n de la Zambomb\u00e1 Flamenca de la Hermandad Ntra. Sra. Del Roc\u00edo Pastorcillo Divino y La Flamenca sea una realidad. El pr\u00f3ximo 26 de noviembre Vilanova ser\u00e1 la primera sede de un acto solidario que recoger\u00e1 fondos para el hospital pedi\u00e1trico Sant Joan de D\u00e9u de Barcelona. Le [&hellip;]<\/p>\n","protected":false},"author":1,"featured_media":1018,"comment_status":"open","ping_status":"open","sticky":false,"template":"","format":"standard","meta":{"footnotes":""},"categories":[19,21],"tags":[],"class_list":{"0":"post-1017","1":"post","2":"type-post","3":"status-publish","4":"format-standard","5":"has-post-thumbnail","7":"category-actualidad","8":"category-raices-rocieras"},"_links":{"self":[{"href":"https:\/\/raicesandaluzas.com\/revista\/wp-json\/wp\/v2\/posts\/1017","targetHints":{"allow":["GET"]}}],"collection":[{"href":"https:\/\/raicesandaluzas.com\/revista\/wp-json\/wp\/v2\/posts"}],"about":[{"href":"https:\/\/raicesandaluzas.com\/revista\/wp-json\/wp\/v2\/types\/post"}],"author":[{"embeddable":true,"href":"https:\/\/raicesandaluzas.com\/revista\/wp-json\/wp\/v2\/users\/1"}],"replies":[{"embeddable":true,"href":"https:\/\/raicesandaluzas.com\/revista\/wp-json\/wp\/v2\/comments?post=1017"}],"version-history":[{"count":1,"href":"https:\/\/raicesandaluzas.com\/revista\/wp-json\/wp\/v2\/posts\/1017\/revisions"}],"predecessor-version":[{"id":1019,"href":"https:\/\/raicesandaluzas.com\/revista\/wp-json\/wp\/v2\/posts\/1017\/revisions\/1019"}],"wp:featuredmedia":[{"embeddable":true,"href":"https:\/\/raicesandaluzas.com\/revista\/wp-json\/wp\/v2\/media\/1018"}],"wp:attachment":[{"href":"https:\/\/raicesandaluzas.com\/revista\/wp-json\/wp\/v2\/media?parent=1017"}],"wp:term":[{"taxonomy":"category","embeddable":true,"href":"https:\/\/raicesandaluzas.com\/revista\/wp-json\/wp\/v2\/categories?post=1017"},{"taxonomy":"post_tag","embeddable":true,"href":"https:\/\/raicesandaluzas.com\/revista\/wp-json\/wp\/v2\/tags?post=1017"}],"curies":[{"name":"wp","href":"https:\/\/api.w.org\/{rel}","templated":true}]}}