{"id":1013,"date":"2022-11-03T12:21:23","date_gmt":"2022-11-03T12:21:23","guid":{"rendered":"https:\/\/raicesandaluzas.com\/revista\/?p=1013"},"modified":"2022-11-03T12:21:24","modified_gmt":"2022-11-03T12:21:24","slug":"la-cofradia-de-las-angustias-de-barcelona-inicia-una-campana-de-crowdfunding-para-su-nuevo-paso","status":"publish","type":"post","link":"https:\/\/raicesandaluzas.com\/revista\/2022\/11\/03\/la-cofradia-de-las-angustias-de-barcelona-inicia-una-campana-de-crowdfunding-para-su-nuevo-paso\/","title":{"rendered":"La Cofrad\u00eda de las Angustias de Barcelona inicia una campa\u00f1a de crowdfunding para su nuevo paso"},"content":{"rendered":"\n<p>La Hermandad y Cofrad\u00eda Nuestra Se\u00f1ora de las Angustias de Barcelona ha iniciado una campa\u00f1a de recogida de fondos para su nuevo paso. Todo aquel que lo desee puede hacer una aportaci\u00f3n v\u00eda transferencia bancaria o por Bizum y a cambio su nombre ser\u00e1 grabado en el interior del paso. <\/p>\n\n\n\n<p>Para m\u00e1s informaci\u00f3n se puede contactar con la cofrad\u00eda a trav\u00e9s del correo electr\u00f3nico\u00a0<a rel=\"noreferrer noopener\" href=\"mailto:hermandad.angustias.bcn@gmail.com\" target=\"_blank\">hermandad.angustias.bcn@gmail.com<\/a>\u00a0o al tel\u00e9fono 650507753.  <\/p>\n","protected":false},"excerpt":{"rendered":"<p>La Hermandad y Cofrad\u00eda Nuestra Se\u00f1ora de las Angustias de Barcelona ha iniciado una campa\u00f1a de recogida de fondos para su nuevo paso. Todo aquel que lo desee puede hacer una aportaci\u00f3n v\u00eda transferencia bancaria o por Bizum y a cambio su nombre ser\u00e1 grabado en el interior del paso. Para m\u00e1s informaci\u00f3n se puede [&hellip;]<\/p>\n","protected":false},"author":1,"featured_media":1015,"comment_status":"open","ping_status":"open","sticky":false,"template":"","format":"standard","meta":{"footnotes":""},"categories":[19],"tags":[],"class_list":{"0":"post-1013","1":"post","2":"type-post","3":"status-publish","4":"format-standard","5":"has-post-thumbnail","7":"category-actualidad"},"_links":{"self":[{"href":"https:\/\/raicesandaluzas.com\/revista\/wp-json\/wp\/v2\/posts\/1013","targetHints":{"allow":["GET"]}}],"collection":[{"href":"https:\/\/raicesandaluzas.com\/revista\/wp-json\/wp\/v2\/posts"}],"about":[{"href":"https:\/\/raicesandaluzas.com\/revista\/wp-json\/wp\/v2\/types\/post"}],"author":[{"embeddable":true,"href":"https:\/\/raicesandaluzas.com\/revista\/wp-json\/wp\/v2\/users\/1"}],"replies":[{"embeddable":true,"href":"https:\/\/raicesandaluzas.com\/revista\/wp-json\/wp\/v2\/comments?post=1013"}],"version-history":[{"count":1,"href":"https:\/\/raicesandaluzas.com\/revista\/wp-json\/wp\/v2\/posts\/1013\/revisions"}],"predecessor-version":[{"id":1016,"href":"https:\/\/raicesandaluzas.com\/revista\/wp-json\/wp\/v2\/posts\/1013\/revisions\/1016"}],"wp:featuredmedia":[{"embeddable":true,"href":"https:\/\/raicesandaluzas.com\/revista\/wp-json\/wp\/v2\/media\/1015"}],"wp:attachment":[{"href":"https:\/\/raicesandaluzas.com\/revista\/wp-json\/wp\/v2\/media?parent=1013"}],"wp:term":[{"taxonomy":"category","embeddable":true,"href":"https:\/\/raicesandaluzas.com\/revista\/wp-json\/wp\/v2\/categories?post=1013"},{"taxonomy":"post_tag","embeddable":true,"href":"https:\/\/raicesandaluzas.com\/revista\/wp-json\/wp\/v2\/tags?post=1013"}],"curies":[{"name":"wp","href":"https:\/\/api.w.org\/{rel}","templated":true}]}}