{"id":1010,"date":"2022-10-28T10:09:59","date_gmt":"2022-10-28T10:09:59","guid":{"rendered":"https:\/\/raicesandaluzas.com\/revista\/?p=1010"},"modified":"2022-10-28T10:10:00","modified_gmt":"2022-10-28T10:10:00","slug":"la-cofradia-de-las-angustias-pone-en-marcha-una-escuela-de-vestidores","status":"publish","type":"post","link":"https:\/\/raicesandaluzas.com\/revista\/2022\/10\/28\/la-cofradia-de-las-angustias-pone-en-marcha-una-escuela-de-vestidores\/","title":{"rendered":"La Cofrad\u00eda de las Angustias pone en marcha una escuela de vestidores"},"content":{"rendered":"\n<p>La junta de gobierno de la Hermandad ha aprobado recientemente la creaci\u00f3n de la \u201c<strong>Escuela de Vestidores\u201d<\/strong>. Se trata de una iniciativa que se llevar\u00e1 a cabo junto con el vestidor de Nuestra Se\u00f1ora de las Angustias, don Fernando Villapol Aguilar, para incentivar a las personas interesadas de la provincia de Barcelona en formarse en una de las labores m\u00e1s hermosas que existen en nuestras hermandades.<\/p>\n\n\n\n<p>Desde hace tiempo esta es una de las inquietudes de Fernando Villapol, quien cuenta con numerosos seguidores de sus trabajos. De este modo, se compromete as\u00ed a ense\u00f1ar y formar una cantera de vestidores que asegure en el futuro que nuestras im\u00e1genes marianas est\u00e9n ataviadas de la mejor manera. Para llevar a cabo esta escuela, la Hermandad pone a disposici\u00f3n sus instalaciones, en una iniciativa sin precedentes que lanza con entusiasmo esta junta de gobierno. Las distintas sesiones de esta escuela se llevar\u00e1n a cabo en nuestra sede can\u00f3nica, la Iglesia de San Jaime, situada en la calle Ferr\u00e0n de la ciudad condal.&nbsp;<\/p>\n\n\n\n<p>Fernando Villapol es el vestidor de Nuestra Se\u00f1ora de las Angustias desde finales de 2021, y recientemente de Nuestra Se\u00f1ora de los Dolores de Matar\u00f3, pero ha vestido a numerosas im\u00e1genes marianas desde hace a\u00f1os. En la ciudad cordobesa de Palma del R\u00edo ha vestido a Nuestra Se\u00f1ora de Palma y Esperanza de la Hermandad del Huerto. Ya en su ciudad natal, Sevilla, Nuestra Se\u00f1ora de la Salud y Esperanza, adem\u00e1s de colaborar en el costurero de la Hermandad de la Macarena. Actualmente es el encargado de ataviar a multitud de devociones particulares, entre las que destaca Mar\u00eda Sant\u00edsima de la Esperanza de Cirera (Matar\u00f3), Mar\u00eda Sant\u00edsima en su Gran Dolor de Argentona, y la Virgen de las Angustias de Linares.<\/p>\n\n\n\n<p>Con el objetivo de perpetuar este oficio nace esta escuela de vestidores en nuestra Hermandad. Los interesados podr\u00e1n dirigirse al email&nbsp;<a href=\"mailto:hermandad.angustias.bcn@gmail.com\" target=\"_blank\" rel=\"noreferrer noopener\">hermandad.angustias.bcn@gmail.com<\/a>&nbsp;o al tel\u00e9fono 650507753 para recabar m\u00e1s informaci\u00f3n.<\/p>\n","protected":false},"excerpt":{"rendered":"<p>La junta de gobierno de la Hermandad ha aprobado recientemente la creaci\u00f3n de la \u201cEscuela de Vestidores\u201d. Se trata de una iniciativa que se llevar\u00e1 a cabo junto con el vestidor de Nuestra Se\u00f1ora de las Angustias, don Fernando Villapol Aguilar, para incentivar a las personas interesadas de la provincia de Barcelona en formarse en [&hellip;]<\/p>\n","protected":false},"author":1,"featured_media":1011,"comment_status":"open","ping_status":"open","sticky":false,"template":"","format":"standard","meta":{"footnotes":""},"categories":[19],"tags":[],"class_list":{"0":"post-1010","1":"post","2":"type-post","3":"status-publish","4":"format-standard","5":"has-post-thumbnail","7":"category-actualidad"},"_links":{"self":[{"href":"https:\/\/raicesandaluzas.com\/revista\/wp-json\/wp\/v2\/posts\/1010","targetHints":{"allow":["GET"]}}],"collection":[{"href":"https:\/\/raicesandaluzas.com\/revista\/wp-json\/wp\/v2\/posts"}],"about":[{"href":"https:\/\/raicesandaluzas.com\/revista\/wp-json\/wp\/v2\/types\/post"}],"author":[{"embeddable":true,"href":"https:\/\/raicesandaluzas.com\/revista\/wp-json\/wp\/v2\/users\/1"}],"replies":[{"embeddable":true,"href":"https:\/\/raicesandaluzas.com\/revista\/wp-json\/wp\/v2\/comments?post=1010"}],"version-history":[{"count":1,"href":"https:\/\/raicesandaluzas.com\/revista\/wp-json\/wp\/v2\/posts\/1010\/revisions"}],"predecessor-version":[{"id":1012,"href":"https:\/\/raicesandaluzas.com\/revista\/wp-json\/wp\/v2\/posts\/1010\/revisions\/1012"}],"wp:featuredmedia":[{"embeddable":true,"href":"https:\/\/raicesandaluzas.com\/revista\/wp-json\/wp\/v2\/media\/1011"}],"wp:attachment":[{"href":"https:\/\/raicesandaluzas.com\/revista\/wp-json\/wp\/v2\/media?parent=1010"}],"wp:term":[{"taxonomy":"category","embeddable":true,"href":"https:\/\/raicesandaluzas.com\/revista\/wp-json\/wp\/v2\/categories?post=1010"},{"taxonomy":"post_tag","embeddable":true,"href":"https:\/\/raicesandaluzas.com\/revista\/wp-json\/wp\/v2\/tags?post=1010"}],"curies":[{"name":"wp","href":"https:\/\/api.w.org\/{rel}","templated":true}]}}