{"id":1006,"date":"2022-10-07T10:48:21","date_gmt":"2022-10-07T10:48:21","guid":{"rendered":"https:\/\/raicesandaluzas.com\/revista\/?p=1006"},"modified":"2022-10-07T10:48:22","modified_gmt":"2022-10-07T10:48:22","slug":"la-iglesia-de-sant-jaume-de-barcelona-este-sabado-las-glorias-de-maria","status":"publish","type":"post","link":"https:\/\/raicesandaluzas.com\/revista\/2022\/10\/07\/la-iglesia-de-sant-jaume-de-barcelona-este-sabado-las-glorias-de-maria\/","title":{"rendered":"La Iglesia de Sant Jaume de Barcelona este s\u00e1bado las Glorias de Mar\u00eda"},"content":{"rendered":"\n<p>Este pr\u00f3ximo s\u00e1bado, 8 de octubre, la iglesia de Sant Jaume de Barcelona acoge la celebraci\u00f3n de las Glorias de Mar\u00eda del Consejo General de Hermandades y Cofrad\u00edas de la Archidi\u00f3cesis de Barcelona que este a\u00f1o organiza la Hermandad Filial Nuestra Se\u00f1ora del Roc\u00edo de Barcelona. La jornada tendr\u00e1 como tema central \u00abMar\u00eda, Madre de Dios y Madre Nuestra\u00bb, y comenzar\u00e1 a las 17 horas con una conferencia a cargo de Fray Joaqu\u00edn Millan. A las 18.30 horas se llevar\u00e1 a cabo el Santo Rosario cantado por el coro de la hermandad barcelonesa, y a partir de las 19 horas se celebrar\u00e1 la Santa Misa oficiada por su consiliario y cantada por el coro. <\/p>\n","protected":false},"excerpt":{"rendered":"<p>Este pr\u00f3ximo s\u00e1bado, 8 de octubre, la iglesia de Sant Jaume de Barcelona acoge la celebraci\u00f3n de las Glorias de Mar\u00eda del Consejo General de Hermandades y Cofrad\u00edas de la Archidi\u00f3cesis de Barcelona que este a\u00f1o organiza la Hermandad Filial Nuestra Se\u00f1ora del Roc\u00edo de Barcelona. La jornada tendr\u00e1 como tema central \u00abMar\u00eda, Madre de [&hellip;]<\/p>\n","protected":false},"author":1,"featured_media":1007,"comment_status":"open","ping_status":"open","sticky":false,"template":"","format":"standard","meta":{"footnotes":""},"categories":[19,21],"tags":[],"class_list":{"0":"post-1006","1":"post","2":"type-post","3":"status-publish","4":"format-standard","5":"has-post-thumbnail","7":"category-actualidad","8":"category-raices-rocieras"},"_links":{"self":[{"href":"https:\/\/raicesandaluzas.com\/revista\/wp-json\/wp\/v2\/posts\/1006","targetHints":{"allow":["GET"]}}],"collection":[{"href":"https:\/\/raicesandaluzas.com\/revista\/wp-json\/wp\/v2\/posts"}],"about":[{"href":"https:\/\/raicesandaluzas.com\/revista\/wp-json\/wp\/v2\/types\/post"}],"author":[{"embeddable":true,"href":"https:\/\/raicesandaluzas.com\/revista\/wp-json\/wp\/v2\/users\/1"}],"replies":[{"embeddable":true,"href":"https:\/\/raicesandaluzas.com\/revista\/wp-json\/wp\/v2\/comments?post=1006"}],"version-history":[{"count":1,"href":"https:\/\/raicesandaluzas.com\/revista\/wp-json\/wp\/v2\/posts\/1006\/revisions"}],"predecessor-version":[{"id":1008,"href":"https:\/\/raicesandaluzas.com\/revista\/wp-json\/wp\/v2\/posts\/1006\/revisions\/1008"}],"wp:featuredmedia":[{"embeddable":true,"href":"https:\/\/raicesandaluzas.com\/revista\/wp-json\/wp\/v2\/media\/1007"}],"wp:attachment":[{"href":"https:\/\/raicesandaluzas.com\/revista\/wp-json\/wp\/v2\/media?parent=1006"}],"wp:term":[{"taxonomy":"category","embeddable":true,"href":"https:\/\/raicesandaluzas.com\/revista\/wp-json\/wp\/v2\/categories?post=1006"},{"taxonomy":"post_tag","embeddable":true,"href":"https:\/\/raicesandaluzas.com\/revista\/wp-json\/wp\/v2\/tags?post=1006"}],"curies":[{"name":"wp","href":"https:\/\/api.w.org\/{rel}","templated":true}]}}