{"id":1000,"date":"2022-10-04T10:33:27","date_gmt":"2022-10-04T10:33:27","guid":{"rendered":"https:\/\/raicesandaluzas.com\/revista\/?p=1000"},"modified":"2022-10-04T10:33:28","modified_gmt":"2022-10-04T10:33:28","slug":"pilar-medina-nueva-hermana-mayor-de-la-hermandad-de-barcelona-para-el-2023","status":"publish","type":"post","link":"https:\/\/raicesandaluzas.com\/revista\/2022\/10\/04\/pilar-medina-nueva-hermana-mayor-de-la-hermandad-de-barcelona-para-el-2023\/","title":{"rendered":"Pilar Medina, nueva Hermana Mayor de la Hermandad de Barcelona para el 2023"},"content":{"rendered":"\n<p>Este domingo 2 de octubre ha tomado posesi\u00f3n del cargo de Hermana Mayor para la Romer\u00eda del Roc\u00edo 2023 de la Hermandad Nuestra Se\u00f1ora del Roc\u00edo de Barcelona Pilar Medina. Desde 2019 no se renovaba el cargo debido a la pandemia por el Coronavirus que ha afectado a todo el mundo. La Santa Misa oficiada por el consiliario de la Hermandad, Mn.Adilson, ha tenido la ceremonia de Toma de Posesi\u00f3n justamente antes del rezo del Credo que se ha rezado en el altar con la Hermana Mayor saliente Lucia And\u00fajar, la presidenta Roger Le\u00f3n y la nueva Hermana Mayor, Pilar Medina.<br>La Presidenta de la Hermandad de Barcelona ha tenido unas palabras de agradecimiento a la Hermana Mayor saliente Lucia And\u00fajar por todos estos a\u00f1os de servicio y le ha hecho entrega de un monolito recordatorio de estos tres a\u00f1os, un hecho hist\u00f3rico en la Hermandad y en el movimiento rociero.<br>En el discurso de Toma de Posesi\u00f3n, Pilar Medina ha asegurado que est\u00e1 preparada para vivir una experiencia \u00fanica y llevar el nombre de la Hermandad ante las plantas de la Blanca Paloma. Diferentes instituciones han estado presentes en la ceremonia, como los representantes de las diferentes Hermandades rocieras de Catalu\u00f1a, como tambi\u00e9n miembros del Consejo de Hermandades y Cofrad\u00edas del Arzobispado de Barcelona.<\/p>\n\n\n\n<figure class=\"wp-block-gallery has-nested-images columns-default is-cropped wp-block-gallery-1 is-layout-flex wp-block-gallery-is-layout-flex\">\n<div><a href=\"https:\/\/raicesandaluzas.com\/revista\/wp-content\/uploads\/2022\/10\/pilarmedina04-768x1024.jpg\" class=\"td-modal-image\"><figure class=\"wp-block-image size-large\"><img loading=\"lazy\" decoding=\"async\" width=\"768\" height=\"1024\" data-id=\"1003\" src=\"https:\/\/raicesandaluzas.com\/revista\/wp-content\/uploads\/2022\/10\/pilarmedina04-768x1024.jpg\" alt=\"\" class=\"wp-image-1003\" srcset=\"https:\/\/raicesandaluzas.com\/revista\/wp-content\/uploads\/2022\/10\/pilarmedina04-768x1024.jpg 768w, https:\/\/raicesandaluzas.com\/revista\/wp-content\/uploads\/2022\/10\/pilarmedina04-225x300.jpg 225w, https:\/\/raicesandaluzas.com\/revista\/wp-content\/uploads\/2022\/10\/pilarmedina04-696x928.jpg 696w, https:\/\/raicesandaluzas.com\/revista\/wp-content\/uploads\/2022\/10\/pilarmedina04-315x420.jpg 315w, https:\/\/raicesandaluzas.com\/revista\/wp-content\/uploads\/2022\/10\/pilarmedina04.jpg 900w\" sizes=\"auto, (max-width: 768px) 100vw, 768px\" \/><\/figure><\/a><\/div>\n\n\n\n<div><a href=\"https:\/\/raicesandaluzas.com\/revista\/wp-content\/uploads\/2022\/10\/pilarmedina03-822x1024.jpg\" class=\"td-modal-image\"><figure class=\"wp-block-image size-large\"><img loading=\"lazy\" decoding=\"async\" width=\"822\" height=\"1024\" data-id=\"1002\" src=\"https:\/\/raicesandaluzas.com\/revista\/wp-content\/uploads\/2022\/10\/pilarmedina03-822x1024.jpg\" alt=\"\" class=\"wp-image-1002\" srcset=\"https:\/\/raicesandaluzas.com\/revista\/wp-content\/uploads\/2022\/10\/pilarmedina03-822x1024.jpg 822w, https:\/\/raicesandaluzas.com\/revista\/wp-content\/uploads\/2022\/10\/pilarmedina03-241x300.jpg 241w, https:\/\/raicesandaluzas.com\/revista\/wp-content\/uploads\/2022\/10\/pilarmedina03-768x957.jpg 768w, https:\/\/raicesandaluzas.com\/revista\/wp-content\/uploads\/2022\/10\/pilarmedina03-696x867.jpg 696w, https:\/\/raicesandaluzas.com\/revista\/wp-content\/uploads\/2022\/10\/pilarmedina03-337x420.jpg 337w, https:\/\/raicesandaluzas.com\/revista\/wp-content\/uploads\/2022\/10\/pilarmedina03.jpg 963w\" sizes=\"auto, (max-width: 822px) 100vw, 822px\" \/><\/figure><\/a><\/div>\n\n\n\n<div><a href=\"https:\/\/raicesandaluzas.com\/revista\/wp-content\/uploads\/2022\/10\/pilarmedina02-819x1024.jpg\" class=\"td-modal-image\"><figure class=\"wp-block-image size-large\"><img loading=\"lazy\" decoding=\"async\" width=\"819\" height=\"1024\" data-id=\"1001\" src=\"https:\/\/raicesandaluzas.com\/revista\/wp-content\/uploads\/2022\/10\/pilarmedina02-819x1024.jpg\" alt=\"\" class=\"wp-image-1001\" srcset=\"https:\/\/raicesandaluzas.com\/revista\/wp-content\/uploads\/2022\/10\/pilarmedina02-819x1024.jpg 819w, https:\/\/raicesandaluzas.com\/revista\/wp-content\/uploads\/2022\/10\/pilarmedina02-240x300.jpg 240w, https:\/\/raicesandaluzas.com\/revista\/wp-content\/uploads\/2022\/10\/pilarmedina02-768x960.jpg 768w, https:\/\/raicesandaluzas.com\/revista\/wp-content\/uploads\/2022\/10\/pilarmedina02-696x870.jpg 696w, https:\/\/raicesandaluzas.com\/revista\/wp-content\/uploads\/2022\/10\/pilarmedina02-336x420.jpg 336w, https:\/\/raicesandaluzas.com\/revista\/wp-content\/uploads\/2022\/10\/pilarmedina02.jpg 960w\" sizes=\"auto, (max-width: 819px) 100vw, 819px\" \/><\/figure><\/a><\/div>\n<\/figure>\n","protected":false},"excerpt":{"rendered":"<p>Este domingo 2 de octubre ha tomado posesi\u00f3n del cargo de Hermana Mayor para la Romer\u00eda del Roc\u00edo 2023 de la Hermandad Nuestra Se\u00f1ora del Roc\u00edo de Barcelona Pilar Medina. Desde 2019 no se renovaba el cargo debido a la pandemia por el Coronavirus que ha afectado a todo el mundo. La Santa Misa oficiada [&hellip;]<\/p>\n","protected":false},"author":1,"featured_media":1004,"comment_status":"open","ping_status":"open","sticky":false,"template":"","format":"standard","meta":{"footnotes":""},"categories":[19,21],"tags":[],"class_list":{"0":"post-1000","1":"post","2":"type-post","3":"status-publish","4":"format-standard","5":"has-post-thumbnail","7":"category-actualidad","8":"category-raices-rocieras"},"_links":{"self":[{"href":"https:\/\/raicesandaluzas.com\/revista\/wp-json\/wp\/v2\/posts\/1000","targetHints":{"allow":["GET"]}}],"collection":[{"href":"https:\/\/raicesandaluzas.com\/revista\/wp-json\/wp\/v2\/posts"}],"about":[{"href":"https:\/\/raicesandaluzas.com\/revista\/wp-json\/wp\/v2\/types\/post"}],"author":[{"embeddable":true,"href":"https:\/\/raicesandaluzas.com\/revista\/wp-json\/wp\/v2\/users\/1"}],"replies":[{"embeddable":true,"href":"https:\/\/raicesandaluzas.com\/revista\/wp-json\/wp\/v2\/comments?post=1000"}],"version-history":[{"count":1,"href":"https:\/\/raicesandaluzas.com\/revista\/wp-json\/wp\/v2\/posts\/1000\/revisions"}],"predecessor-version":[{"id":1005,"href":"https:\/\/raicesandaluzas.com\/revista\/wp-json\/wp\/v2\/posts\/1000\/revisions\/1005"}],"wp:featuredmedia":[{"embeddable":true,"href":"https:\/\/raicesandaluzas.com\/revista\/wp-json\/wp\/v2\/media\/1004"}],"wp:attachment":[{"href":"https:\/\/raicesandaluzas.com\/revista\/wp-json\/wp\/v2\/media?parent=1000"}],"wp:term":[{"taxonomy":"category","embeddable":true,"href":"https:\/\/raicesandaluzas.com\/revista\/wp-json\/wp\/v2\/categories?post=1000"},{"taxonomy":"post_tag","embeddable":true,"href":"https:\/\/raicesandaluzas.com\/revista\/wp-json\/wp\/v2\/tags?post=1000"}],"curies":[{"name":"wp","href":"https:\/\/api.w.org\/{rel}","templated":true}]}}